{"id":6486,"date":"2012-10-15T14:46:35","date_gmt":"2012-10-15T17:46:35","guid":{"rendered":"https:\/\/jusprev.org.br\/backup\/?p=6486"},"modified":"2012-10-15T14:46:35","modified_gmt":"2012-10-15T17:46:35","slug":"diretor-administrativo-financeiro-da-jusprev-recebe-mais-uma-certificacao-do-icss","status":"publish","type":"post","link":"https:\/\/jusprev.org.br\/backup\/diretor-administrativo-financeiro-da-jusprev-recebe-mais-uma-certificacao-do-icss\/","title":{"rendered":"Diretor Administrativo-Financeiro da JUSPREV recebe mais uma certifica\u00e7\u00e3o do ICSS"},"content":{"rendered":"<p style=\"text-align: left;\">O Diretor Administrativo-Financeiro da JUSPREV, Jair Eduardo Santana, recebeu na \u00faltima semana, mais uma certifica\u00e7\u00e3o do Instituto de Certifica\u00e7\u00e3o dos Profissionais de Seguridade Social (ICSS), desta vez com \u00eanfase em Investimentos.\u00a0 Em novembro de 2011, o Diretor j\u00e1 havia sido certificado pelo ICSS por crit\u00e9rios de experi\u00eancia, como profissional com \u00eanfase em Administra\u00e7\u00e3o.<\/p>\n<p style=\"text-align: left;\">Essa \u00e9 uma recomenda\u00e7\u00e3o da Superintend\u00eancia Nacional de Previd\u00eancia Complementar (PREVIC), para que o Administrador Estatut\u00e1rio Tecnicamente Qualificado (AETQ) seja certificado em investimentos.<\/p>\n<p style=\"text-align: left;\">Com o objetivo de capacitar continuamente os membros dos seus \u00d3rg\u00e3os Colegiados e o Comit\u00ea de Investimentos, a JUSPREV promover\u00e1 cursos preparat\u00f3rios para certifica\u00e7\u00e3o da Associa\u00e7\u00e3o Brasileira das Entidades dos Mercados Financeiro e de Capitais (ANBIMA), bem como outras certifica\u00e7\u00f5es em entidades de renome no mercado financeiro nacional, ministrados por um especialista em mercado financeiro.<\/p>\n","protected":false},"excerpt":{"rendered":"<p>O Diretor Administrativo-Financeiro da JUSPREV, Jair Eduardo Santana, recebeu na \u00faltima semana, mais uma certifica\u00e7\u00e3o do Instituto de Certifica\u00e7\u00e3o dos Profissionais de Seguridade Social (ICSS), desta vez com \u00eanfase em&#8230;<\/p>\n","protected":false},"author":3,"featured_media":0,"comment_status":"closed","ping_status":"closed","sticky":false,"template":"","format":"standard","meta":{"footnotes":""},"categories":[31],"tags":[],"class_list":["post-6486","post","type-post","status-publish","format-standard","hentry","category-noticias"],"_links":{"self":[{"href":"https:\/\/jusprev.org.br\/backup\/wp-json\/wp\/v2\/posts\/6486","targetHints":{"allow":["GET"]}}],"collection":[{"href":"https:\/\/jusprev.org.br\/backup\/wp-json\/wp\/v2\/posts"}],"about":[{"href":"https:\/\/jusprev.org.br\/backup\/wp-json\/wp\/v2\/types\/post"}],"author":[{"embeddable":true,"href":"https:\/\/jusprev.org.br\/backup\/wp-json\/wp\/v2\/users\/3"}],"replies":[{"embeddable":true,"href":"https:\/\/jusprev.org.br\/backup\/wp-json\/wp\/v2\/comments?post=6486"}],"version-history":[{"count":0,"href":"https:\/\/jusprev.org.br\/backup\/wp-json\/wp\/v2\/posts\/6486\/revisions"}],"wp:attachment":[{"href":"https:\/\/jusprev.org.br\/backup\/wp-json\/wp\/v2\/media?parent=6486"}],"wp:term":[{"taxonomy":"category","embeddable":true,"href":"https:\/\/jusprev.org.br\/backup\/wp-json\/wp\/v2\/categories?post=6486"},{"taxonomy":"post_tag","embeddable":true,"href":"https:\/\/jusprev.org.br\/backup\/wp-json\/wp\/v2\/tags?post=6486"}],"curies":[{"name":"wp","href":"https:\/\/api.w.org\/{rel}","templated":true}]}}