{"id":6526,"date":"2013-02-20T09:18:14","date_gmt":"2013-02-20T12:18:14","guid":{"rendered":"https:\/\/jusprev.org.br\/backup\/?p=6526"},"modified":"2013-02-20T09:18:14","modified_gmt":"2013-02-20T12:18:14","slug":"informa-online-no-32-janeiro-de-2013","status":"publish","type":"post","link":"https:\/\/jusprev.org.br\/backup\/informa-online-no-32-janeiro-de-2013\/","title":{"rendered":"Informa Online n\u00ba 32 &#8211; Janeiro de 2013"},"content":{"rendered":"<p>&nbsp;<\/p>\n<table style=\"font-family: verdana, geneva, sans-serif;font-size: 11px\" width=\"670\" border=\"2\" cellspacing=\"2\" cellpadding=\"0\" bgcolor=\"#006699\">\n<tbody>\n<tr>\n<td>\n<table width=\"640\" border=\"0\" cellspacing=\"5\" cellpadding=\"5\" bgcolor=\"#cccccc\">\n<tbody>\n<tr>\n<td style=\"text-align: center\" colspan=\"2\">\u00a0<a href=\"https:\/\/jusprev.org.br\/backup\/wp-content\/uploads\/2013\/02\/Cabe\u00e7alho-Janeiro-2013.jpg\"><img loading=\"lazy\" decoding=\"async\" class=\"size-full wp-image-6531 aligncenter\" alt=\"Cabe\u00e7alho Janeiro 2013\" src=\"https:\/\/jusprev.org.br\/backup\/wp-content\/uploads\/2013\/02\/Cabe\u00e7alho-Janeiro-2013.jpg\" width=\"640\" height=\"124\" \/><\/a><a href=\"https:\/\/jusprev.org.br\/backup\/wp-content\/uploads\/2012\/12\/Cabe\u00e7alho-Dezembro1.jpg\"><br \/>\n<\/a><\/td>\n<\/tr>\n<tr>\n<td style=\"text-align: justify;border: #039 1px solid\" align=\"justify\" valign=\"top\" bgcolor=\"#ffffff\" width=\"315\">\n<div style=\"background-color: #0e2e45;color: #ffffff;font-size: 12px;border: 0px;padding: 5px;text-align: center\"><span style=\"color: #ffffff\"><b><a href=\"https:\/\/jusprev.org.br\/backup\/?p=6509\"><span style=\"color: #ffffff\">JUSPREV realizar\u00e1 altera\u00e7\u00f5es no Estatuto e no Regulamento do PLANJUS<\/span><\/a><\/b><\/span><\/div>\n<p>Com o objetivo de atender apontamentos propostos pela Superintend\u00eancia Nacional de Previd\u00eancia Complementar (PREVIC), no processo de fiscaliza\u00e7\u00e3o realizado em 2012, a JUSPREV realizar\u00e1 altera\u00e7\u00f5es no Estatuto e no Regulamento do Plano de Benef\u00edcios Previdenci\u00e1rios (PLANJUS). Para atender \u00e0 Resolu\u00e7\u00e3o MPS\/CNPC n\u00ba 05 de 18 de abril de 2011, que determina a comunica\u00e7\u00e3o pr\u00e9via das propostas de altera\u00e7\u00f5es aos participantes e assistidos, a entidade elaborou um quadro comparativo com a situa\u00e7\u00e3o atual e a situa\u00e7\u00e3o\u00a0proposta\u00a0dos documentos, bem como, as justificativas para cada altera\u00e7\u00e3o.<\/td>\n<td style=\"text-align: justify;border: #039 1px solid\" align=\"justify\" valign=\"top\" bgcolor=\"#ffffff\" width=\"315\">\n<div style=\"background-color: #0e2e45;color: #fff;font-size: 12px;border: 0px;padding: 5px\">\n<p align=\"center\"><span style=\"color: #ffffff\"><b><a href=\"https:\/\/jusprev.org.br\/backup\/?p=6619\"><span style=\"color: #ffffff\">JUSPREV comemora conquistas de 2012 e planeja a\u00e7\u00f5es para 2013<\/span><\/a><\/b><\/span><\/p>\n<\/div>\n<p>Mais um ano encerrado e, ao longo dele, muitos desafios superados e grandes conquistas alcan\u00e7adas. Com toda certeza, 2012 foi mais um ano de grandes realiza\u00e7\u00f5es para a JUSPREV \u2013 Previd\u00eancia Associativa do Minist\u00e9rio P\u00fablico, da Justi\u00e7a Brasileira e dos Auditores-Fiscais da Receita Federal do Brasil. No decorrer do ano, o Comit\u00ea de Investimentos da Entidade, \u00f3rg\u00e3o designado para assessorar a Diretoria Executiva no acompanhamento e supervis\u00e3o das aplica\u00e7\u00f5es dos recursos financeiros, teve forte atua\u00e7\u00e3o, acompanhando o desempenho dos investimentos e analisando o mercado macroecon\u00f4mico.<\/td>\n<td colspan=\"2\"><a href=\"https:\/\/jusprev.org.br\/backup\/wp-content\/uploads\/2012\/12\/Cabe\u00e7alho-Dezembro1.jpg\"><br \/>\n<\/a><a style=\"line-height: 18px;font-size: 13px\" href=\"https:\/\/jusprev.org.br\/backup\/wp-content\/uploads\/2012\/12\/Cabe\u00e7alho-Dezembro.jpg\"><br \/>\n<\/a><\/td>\n<\/tr>\n<tr>\n<td style=\"text-align: justify;border: #039 1px solid\" align=\"justify\" valign=\"top\" bgcolor=\"#ffffff\" width=\"315\">\n<div style=\"background-color: #0e2e45;color: #fff;font-size: 12px;border: 0px;padding: 5px\">\n<p align=\"center\"><span style=\"color: #ffffff\"><b><a href=\"https:\/\/jusprev.org.br\/backup\/?p=6489\"><span style=\"color: #ffffff\">Pol\u00edtica de Investimentos 2013 da JUSPREV come\u00e7a a ser aplicada<\/span><\/a><\/b><\/span><\/p>\n<\/div>\n<p>A JUSPREV iniciou 2013 com mudan\u00e7as na gest\u00e3o de seus investimentos a partir da contrata\u00e7\u00e3o de duas novas Assets, DLM Invista e Bradesco Asset Management (BRAM) e altera\u00e7\u00f5es em sua Pol\u00edtica de Investimentos, aprovada na \u00faltima Reuni\u00e3o dos \u00d3rg\u00e3os Colegiados, realizada em dezembro de 2012. A Pol\u00edtica de Investimentos estabelece as maneiras pelas quais os ativos do fundo da JUSPREV devem ser investidos, assegurando a garantia de continuidade do gerenciamento prudente dos ativos da Entidade.<\/td>\n<td style=\"text-align: justify;border: #039 1px solid\" align=\"justify\" valign=\"top\" bgcolor=\"#ffffff\" width=\"315\">\n<div style=\"background-color: #0e2e45;color: #fff;font-size: 12px;border: 0px;padding: 5px\">\n<p align=\"center\"><span style=\"color: #ffffff\"><b><a href=\"https:\/\/jusprev.org.br\/backup\/?p=6613\"><span style=\"color: #ffffff\">Contribui\u00e7\u00f5es da JUSPREV s\u00e3o atualizadas<\/span><\/a><\/b><\/span><\/p>\n<\/div>\n<p>As Contribui\u00e7\u00f5es B\u00e1sicas da JUSPREV foram atualizadas no dia 1\u00ba de Janeiro, conforme estabelece o par\u00e1grafo \u00fanico do Artigo 9\u00ba do Regulamento do Plano de Benef\u00edcios Previdenci\u00e1rios (PLANJUS). A corre\u00e7\u00e3o n\u00e3o constitui um aumento no custo do plano, mas sim a corre\u00e7\u00e3o de seus valores para que a infla\u00e7\u00e3o do per\u00edodo n\u00e3o desvalorize os montantes pagos e o planejamento feito pelos participantes. As corre\u00e7\u00f5es s\u00e3o feitas de acordo com a data de inscri\u00e7\u00e3o no Plano da JUSPREV. A partir de 1\u00ba de janeiro de 2013 os valores m\u00ednimos de contribui\u00e7\u00e3o passaram a ser:<\/td>\n<\/tr>\n<tr>\n<td style=\"text-align: justify;border: #039 1px solid\" align=\"justify\" valign=\"top\" bgcolor=\"#ffffff\" width=\"315\">\n<div style=\"background-color: #0e2e45;color: #fff;font-size: 12px;border: 0px;padding: 5px\">\n<p align=\"center\"><span style=\"color: #ffffff\"><b><a href=\"https:\/\/jusprev.org.br\/backup\/?p=6439\" target=\"_blank\"><span style=\"color: #ffffff\">Representantes da JUSPREV re\u00fanem-se com Presid\u00eancia da AMAERJ<\/span><\/a><\/b><\/span><\/p>\n<\/div>\n<p>No dia 17 de janeiro, a gerente geral da JUSPREV, juntamente com o Presidente do Col\u00e9gio de Instituidoras da Entidade, Dr. Washington Epaminondas Medeiros Barra, reuniram-se com o Presidente da AMAERJ \u2013 Associa\u00e7\u00e3o dos Magistrados do Estado do Rio de Janeiro, Desembargador Cl\u00e1udio Luis Braga dell\u2019Orto. A reuni\u00e3o objetivou a apresenta\u00e7\u00e3o da JUSPREV e os\u00a0benef\u00edcios\u00a0do plano administrado pela Entidade.<\/td>\n<td style=\"text-align: justify;border: #039 1px solid\" align=\"justify\" valign=\"top\" bgcolor=\"#ffffff\" width=\"315\">\n<div style=\"background-color: #0e2e45;color: #fff;font-size: 12px;border: 0px;padding: 5px\">\n<p align=\"center\"><span style=\"color: #ffffff\"><b><a href=\"http:\/\/186.202.64.96:8080\/JUS\/form.jsp?sys=JUS&amp;action=openform&amp;formID=464567705&amp;align=0&amp;mode=-1&amp;goto=-1&amp;filter=&amp;scrolling=no\" target=\"_blank\"><span style=\"color: #ffffff\">Informe de Rendimentos j\u00e1 est\u00e1 dispon\u00edvel no acesso restrito dos participantes<\/span><\/a><\/b><\/span><\/p>\n<\/div>\n<p>Os participantes da JUSPREV j\u00e1 podem acessar no site da Entidade, seus informes de rendimentos para fins de Imposto de Renda, referente ao ano de 2012 Todas as contribui\u00e7\u00f5es realizadas no per\u00edodo, inclusive as contribui\u00e7\u00f5es referentes \u00e0 Renda Mensal por Invalidez, Renda Mensal por Morte e Renda Mensal Educacional, podem ser dedut\u00edveis da base de c\u00e1lculo anual do Imposto de Renda, devendo ser respeitado o limite de 12%, conforme previsto na Lei n.\u00ba 9.532, de 10 de dezembro de 1997.<\/td>\n<\/tr>\n<tr>\n<td colspan=\"2\" align=\"middle\" valign=\"top\"><img loading=\"lazy\" decoding=\"async\" class=\"size-full wp-image-6387 aligncenter\" alt=\"rede de prote\u00e7\u00e3o\" src=\"https:\/\/jusprev.org.br\/backup\/wp-content\/uploads\/2012\/12\/rede-de-prote\u00e7\u00e3o.jpg\" width=\"652\" height=\"54\" \/><\/p>\n<p style=\"text-align: center\">\u00a0Curta a p\u00e1gina da JUSPREV no Facebook<a style=\"font-family: verdana, geneva, sans-serif\" href=\"http:\/\/jusprevpr.emktsender.net\/registra_clique.php?id=TH|teste|140969|6270&amp;url=http%3A%2F%2Fwww.facebook.com%2Fpages%2FJUSPREV%2F109339339167630%3Fref%3Dhl\"><br \/>\n<\/a><\/p>\n<p style=\"text-align: center\"><a href=\"https:\/\/jusprev.org.br\/backup\/?page_id=5092\">FA\u00c7A UMA SIMULA\u00c7\u00c3O<\/a><\/p>\n<p style=\"text-align: center\">Rua Mateus Leme, n.\u00ba 2018, T\u00e9rreo, Centro C\u00edvico &#8211; CEP: 80530-010, Curitiba, Paran\u00e1<\/p>\n<\/td>\n<\/tr>\n<tr>\n<td style=\"text-align: center;color: #fff;font-size: 16px;border: 0px;padding: 5px\" colspan=\"2\" align=\"middle\" bgcolor=\"#0e2e45\"><img loading=\"lazy\" decoding=\"async\" class=\"size-full wp-image-5879\" alt=\"rodape_informativo\" src=\"https:\/\/jusprev.org.br\/backup\/wp-content\/uploads\/2012\/12\/rodape_informativo.jpg\" width=\"640\" height=\"71\" \/><\/td>\n<\/tr>\n<\/tbody>\n<\/table>\n<\/td>\n<\/tr>\n<\/tbody>\n<\/table>\n<p style=\"text-align: center\">\n","protected":false},"excerpt":{"rendered":"<p>&nbsp; \u00a0 JUSPREV realizar\u00e1 altera\u00e7\u00f5es no Estatuto e no Regulamento do PLANJUS Com o objetivo de atender apontamentos propostos pela Superintend\u00eancia Nacional de Previd\u00eancia Complementar (PREVIC), no processo de fiscaliza\u00e7\u00e3o&#8230;<\/p>\n","protected":false},"author":3,"featured_media":0,"comment_status":"closed","ping_status":"closed","sticky":false,"template":"","format":"standard","meta":{"footnotes":""},"categories":[32],"tags":[],"class_list":["post-6526","post","type-post","status-publish","format-standard","hentry","category-informativo"],"_links":{"self":[{"href":"https:\/\/jusprev.org.br\/backup\/wp-json\/wp\/v2\/posts\/6526","targetHints":{"allow":["GET"]}}],"collection":[{"href":"https:\/\/jusprev.org.br\/backup\/wp-json\/wp\/v2\/posts"}],"about":[{"href":"https:\/\/jusprev.org.br\/backup\/wp-json\/wp\/v2\/types\/post"}],"author":[{"embeddable":true,"href":"https:\/\/jusprev.org.br\/backup\/wp-json\/wp\/v2\/users\/3"}],"replies":[{"embeddable":true,"href":"https:\/\/jusprev.org.br\/backup\/wp-json\/wp\/v2\/comments?post=6526"}],"version-history":[{"count":0,"href":"https:\/\/jusprev.org.br\/backup\/wp-json\/wp\/v2\/posts\/6526\/revisions"}],"wp:attachment":[{"href":"https:\/\/jusprev.org.br\/backup\/wp-json\/wp\/v2\/media?parent=6526"}],"wp:term":[{"taxonomy":"category","embeddable":true,"href":"https:\/\/jusprev.org.br\/backup\/wp-json\/wp\/v2\/categories?post=6526"},{"taxonomy":"post_tag","embeddable":true,"href":"https:\/\/jusprev.org.br\/backup\/wp-json\/wp\/v2\/tags?post=6526"}],"curies":[{"name":"wp","href":"https:\/\/api.w.org\/{rel}","templated":true}]}}