{"id":6560,"date":"2013-02-02T10:05:26","date_gmt":"2013-02-02T12:05:26","guid":{"rendered":"https:\/\/jusprev.org.br\/backup\/?p=6560"},"modified":"2013-02-02T10:05:26","modified_gmt":"2013-02-02T12:05:26","slug":"presidente-do-comite-de-investimentos-da-jusprev-foi-empossado-para-compor-a-nova-corte-do-tjpr","status":"publish","type":"post","link":"https:\/\/jusprev.org.br\/backup\/presidente-do-comite-de-investimentos-da-jusprev-foi-empossado-para-compor-a-nova-corte-do-tjpr\/","title":{"rendered":"Presidente do Comit\u00ea de Investimentos da JUSPREV foi empossado para compor a nova corte do TJPR"},"content":{"rendered":"<p style=\"text-align: justify;\" align=\"center\">O presidente do Comit\u00ea de Investimentos da JUSPREV, o desembargador do Paran\u00e1, Paulo Roberto Vasconcelos, foi empossado na sexta-feira (01), para compor a nova corte do Tribunal de Justi\u00e7a do Paran\u00e1. O desembargador foi eleito como 1 \u00ba vice-presidente do Tribunal, para o bi\u00eanio 2013\/2014.<\/p>\n<p><strong>\u00a0<\/strong><\/p>\n<p><strong>\u00a0<\/strong><\/p>\n","protected":false},"excerpt":{"rendered":"<p>O presidente do Comit\u00ea de Investimentos da JUSPREV, o desembargador do Paran\u00e1, Paulo Roberto Vasconcelos, foi empossado na sexta-feira (01), para compor a nova corte do Tribunal de Justi\u00e7a do&#8230;<\/p>\n","protected":false},"author":3,"featured_media":0,"comment_status":"closed","ping_status":"closed","sticky":false,"template":"","format":"standard","meta":{"footnotes":""},"categories":[31],"tags":[],"class_list":["post-6560","post","type-post","status-publish","format-standard","hentry","category-noticias"],"_links":{"self":[{"href":"https:\/\/jusprev.org.br\/backup\/wp-json\/wp\/v2\/posts\/6560","targetHints":{"allow":["GET"]}}],"collection":[{"href":"https:\/\/jusprev.org.br\/backup\/wp-json\/wp\/v2\/posts"}],"about":[{"href":"https:\/\/jusprev.org.br\/backup\/wp-json\/wp\/v2\/types\/post"}],"author":[{"embeddable":true,"href":"https:\/\/jusprev.org.br\/backup\/wp-json\/wp\/v2\/users\/3"}],"replies":[{"embeddable":true,"href":"https:\/\/jusprev.org.br\/backup\/wp-json\/wp\/v2\/comments?post=6560"}],"version-history":[{"count":0,"href":"https:\/\/jusprev.org.br\/backup\/wp-json\/wp\/v2\/posts\/6560\/revisions"}],"wp:attachment":[{"href":"https:\/\/jusprev.org.br\/backup\/wp-json\/wp\/v2\/media?parent=6560"}],"wp:term":[{"taxonomy":"category","embeddable":true,"href":"https:\/\/jusprev.org.br\/backup\/wp-json\/wp\/v2\/categories?post=6560"},{"taxonomy":"post_tag","embeddable":true,"href":"https:\/\/jusprev.org.br\/backup\/wp-json\/wp\/v2\/tags?post=6560"}],"curies":[{"name":"wp","href":"https:\/\/api.w.org\/{rel}","templated":true}]}}