{"id":6566,"date":"2013-02-06T17:38:29","date_gmt":"2013-02-06T19:38:29","guid":{"rendered":"https:\/\/jusprev.org.br\/backup\/?p=6566"},"modified":"2013-02-06T17:38:29","modified_gmt":"2013-02-06T19:38:29","slug":"diretora-presidente-da-jusprev-se-reune-com-representantes-da-receita-federal","status":"publish","type":"post","link":"https:\/\/jusprev.org.br\/backup\/diretora-presidente-da-jusprev-se-reune-com-representantes-da-receita-federal\/","title":{"rendered":"Diretora-Presidente da JUSPREV se re\u00fane com representantes da Receita Federal"},"content":{"rendered":"<p style=\"text-align: justify;\">A Diretora-Presidente da JUSPREV, Maria Tereza Uille Gomes e a Gerente da entidade, Deborah Traldi Maggio, se reuniram na manh\u00e3 desta quarta-feira (06), em Bras\u00edlia, com Coordenadores da Receita Federal do Brasil e Diretores da Associa\u00e7\u00e3o Nacional dos Auditores Fiscais da Receita Federal do Brasil (ANFIP) para tratar sobre a quest\u00e3o da reten\u00e7\u00e3o de declara\u00e7\u00f5es de Imposto de Renda de participantes da JUSPREV.<\/p>\n<p style=\"text-align: justify;\">Entre os representantes da Receita Federal estavam presentes o Coordenador-Geral de Tributa\u00e7\u00e3o, Fernando Mombelli, a Coordenadora de Tributos sobre a Renda, Patrim\u00f4nio e Opera\u00e7\u00f5es Financeiras, Cl\u00e1udia L\u00facia Pimentel Martins da Silva, o Chefe da Divis\u00e3o de Impostos sobre a Renda de Pessoa F\u00edsica e a Propriedade Rural, Newton Raimundo Barbosa da Silva e a respons\u00e1vel pela Divis\u00e3o de Tributos sobre Institui\u00e7\u00f5es e Opera\u00e7\u00f5es Financeiras, Maria da Consola\u00e7\u00e3o Silva. Representando a ANFIP estiveram presentes o Vice-Presidente Executivo, Floriano Jos\u00e9 Martins e o Vice-Presidente de Pol\u00edtica Salarial, Benedito Leite Sobrinho.<\/p>\n<p style=\"text-align: justify;\">Na ocasi\u00e3o a Diretora da JUSPREV entregou mais de cinco volumes contendo os Informes de Rendimentos dos participantes da entidade, referentes ao ano de 2012. A medida tem como objetivo evitar que novos cruzamentos de dados indevidos sejam realizados pela Receita Federal nos processos de Declara\u00e7\u00e3o de Imposto de Renda, conforme aconteceu no ano passado. Todos os volumes foram protocolados no \u00f3rg\u00e3o e encaminhados ao setor de Fiscaliza\u00e7\u00e3o.<\/p>\n<p style=\"text-align: justify;\">\u201cEm uma das reuni\u00f5es que tivemos no ano passado, nos comprometemos a fazer o envio dessas informa\u00e7\u00f5es em meio impresso e em m\u00eddia digital. Essa medida, mesmo n\u00e3o sendo obrigat\u00f3ria, foi tomada visando ressaltar a transpar\u00eancia que sempre pautou a gest\u00e3o da JUSPREV e ser\u00e1 utilizada todos os anos pela entidade, at\u00e9 que a Receita Federal crie um mecanismo h\u00e1bil para transmiss\u00e3o desses dados via sistema,\u201d destacou a Diretora-Presidente da JUSPREV.<\/p>\n<p style=\"text-align: justify;\"><b>Reten\u00e7\u00e3o de Declara\u00e7\u00f5es<\/b><\/p>\n<p style=\"text-align: justify;\">No ano passado participantes da JUSPREV e de outras entidades de previd\u00eancia complementar tiveram suas declara\u00e7\u00f5es de Imposto de Renda referentes a 2011, registradas como \u201ccom pend\u00eancia\u201d, devido a um cruzamento de dados indevido realizado pela Receita Federal. Desde ent\u00e3o, na busca por uma solu\u00e7\u00e3o para a quest\u00e3o, a JUSPREV tem tomado diversas medidas conjuntas com a Associa\u00e7\u00e3o Brasileira das Entidades Fechadas de Previd\u00eancia Complementar (ABRAPP), a Superintend\u00eancia Nacional de Previd\u00eancia Complementar (PREVIC) e outras entidades de previd\u00eancia.<\/p>\n\n","protected":false},"excerpt":{"rendered":"<p>A Diretora-Presidente da JUSPREV, Maria Tereza Uille Gomes e a Gerente da entidade, Deborah Traldi Maggio, se reuniram na manh\u00e3 desta quarta-feira (06), em Bras\u00edlia, com Coordenadores da Receita Federal&#8230;<\/p>\n","protected":false},"author":3,"featured_media":0,"comment_status":"closed","ping_status":"closed","sticky":false,"template":"","format":"standard","meta":{"footnotes":""},"categories":[31],"tags":[],"class_list":["post-6566","post","type-post","status-publish","format-standard","hentry","category-noticias"],"_links":{"self":[{"href":"https:\/\/jusprev.org.br\/backup\/wp-json\/wp\/v2\/posts\/6566","targetHints":{"allow":["GET"]}}],"collection":[{"href":"https:\/\/jusprev.org.br\/backup\/wp-json\/wp\/v2\/posts"}],"about":[{"href":"https:\/\/jusprev.org.br\/backup\/wp-json\/wp\/v2\/types\/post"}],"author":[{"embeddable":true,"href":"https:\/\/jusprev.org.br\/backup\/wp-json\/wp\/v2\/users\/3"}],"replies":[{"embeddable":true,"href":"https:\/\/jusprev.org.br\/backup\/wp-json\/wp\/v2\/comments?post=6566"}],"version-history":[{"count":0,"href":"https:\/\/jusprev.org.br\/backup\/wp-json\/wp\/v2\/posts\/6566\/revisions"}],"wp:attachment":[{"href":"https:\/\/jusprev.org.br\/backup\/wp-json\/wp\/v2\/media?parent=6566"}],"wp:term":[{"taxonomy":"category","embeddable":true,"href":"https:\/\/jusprev.org.br\/backup\/wp-json\/wp\/v2\/categories?post=6566"},{"taxonomy":"post_tag","embeddable":true,"href":"https:\/\/jusprev.org.br\/backup\/wp-json\/wp\/v2\/tags?post=6566"}],"curies":[{"name":"wp","href":"https:\/\/api.w.org\/{rel}","templated":true}]}}