{"id":6581,"date":"2013-02-07T17:05:11","date_gmt":"2013-02-07T19:05:11","guid":{"rendered":"https:\/\/jusprev.org.br\/backup\/?p=6581"},"modified":"2013-02-07T17:05:11","modified_gmt":"2013-02-07T19:05:11","slug":"gerente-da-jusprev-participa-de-workshop-promovido-pela-abrapp","status":"publish","type":"post","link":"https:\/\/jusprev.org.br\/backup\/gerente-da-jusprev-participa-de-workshop-promovido-pela-abrapp\/","title":{"rendered":"Gerente da JUSPREV participa de workshop promovido pela ABRAPP"},"content":{"rendered":"<p style=\"text-align: justify;\">A gerente da JUSPREV, Deborah Traldi Maggio participou na \u00faltima segunda-feira (04) em S\u00e3o Paulo, do Workshop \u201cIntegra\u00e7\u00e3o e Relacionamento das Comiss\u00f5es T\u00e9cnicas Nacionais da ABRAPP\u201d promovido pela Associa\u00e7\u00e3o Brasileira das Entidades Fechadas de Previd\u00eancia Complementar (ABRAPP). Deborah faz parte das Comiss\u00f5es T\u00e9cnica Nacional de Assuntos Jur\u00eddicos e T\u00e9cnica Regional de Assuntos Jur\u00eddicos da ABRAPP.<\/p>\n<p style=\"text-align: justify;\">Durante o evento o superintendente geral da ABRAPP, Devanir Silva, fez uma explana\u00e7\u00e3o sobre o Programa de Trabalho da entidade para 2013 e abordou sobre os temas que ser\u00e3o trabalhados durante o 34\u00ba Congresso Brasileiro dos\u00a0Fundos\u00a0de Pens\u00e3o, programado para setembro em Florian\u00f3polis.<\/p>\n<p style=\"text-align: justify;\">O superintendente informou tamb\u00e9m, este ano ser\u00e1 dispensada especial aten\u00e7\u00e3o \u00e0 \u00e1rea jur\u00eddica, integrando ainda mais as comiss\u00f5es da ABRAPP.<\/p>\n<p style=\"text-align: justify;\">\n","protected":false},"excerpt":{"rendered":"<p>A gerente da JUSPREV, Deborah Traldi Maggio participou na \u00faltima segunda-feira (04) em S\u00e3o Paulo, do Workshop \u201cIntegra\u00e7\u00e3o e Relacionamento das Comiss\u00f5es T\u00e9cnicas Nacionais da ABRAPP\u201d promovido pela Associa\u00e7\u00e3o Brasileira&#8230;<\/p>\n","protected":false},"author":3,"featured_media":0,"comment_status":"closed","ping_status":"closed","sticky":false,"template":"","format":"standard","meta":{"footnotes":""},"categories":[31],"tags":[],"class_list":["post-6581","post","type-post","status-publish","format-standard","hentry","category-noticias"],"_links":{"self":[{"href":"https:\/\/jusprev.org.br\/backup\/wp-json\/wp\/v2\/posts\/6581","targetHints":{"allow":["GET"]}}],"collection":[{"href":"https:\/\/jusprev.org.br\/backup\/wp-json\/wp\/v2\/posts"}],"about":[{"href":"https:\/\/jusprev.org.br\/backup\/wp-json\/wp\/v2\/types\/post"}],"author":[{"embeddable":true,"href":"https:\/\/jusprev.org.br\/backup\/wp-json\/wp\/v2\/users\/3"}],"replies":[{"embeddable":true,"href":"https:\/\/jusprev.org.br\/backup\/wp-json\/wp\/v2\/comments?post=6581"}],"version-history":[{"count":0,"href":"https:\/\/jusprev.org.br\/backup\/wp-json\/wp\/v2\/posts\/6581\/revisions"}],"wp:attachment":[{"href":"https:\/\/jusprev.org.br\/backup\/wp-json\/wp\/v2\/media?parent=6581"}],"wp:term":[{"taxonomy":"category","embeddable":true,"href":"https:\/\/jusprev.org.br\/backup\/wp-json\/wp\/v2\/categories?post=6581"},{"taxonomy":"post_tag","embeddable":true,"href":"https:\/\/jusprev.org.br\/backup\/wp-json\/wp\/v2\/tags?post=6581"}],"curies":[{"name":"wp","href":"https:\/\/api.w.org\/{rel}","templated":true}]}}