{"id":6617,"date":"2013-02-25T17:48:37","date_gmt":"2013-02-25T20:48:37","guid":{"rendered":"https:\/\/jusprev.org.br\/backup\/?p=6617"},"modified":"2013-02-25T17:48:37","modified_gmt":"2013-02-25T20:48:37","slug":"dlm-invista-asset-management-sa","status":"publish","type":"post","link":"https:\/\/jusprev.org.br\/backup\/dlm-invista-asset-management-sa\/","title":{"rendered":"DLM Invista Asset Management S\/A"},"content":{"rendered":"<p>A DLM Invista Asset Management S\/A \u00e9 uma gestora de recursos financeiros independente especialista em fundos multimercados, de a\u00e7\u00f5es e participa\u00e7\u00f5es, que combina compet\u00eancias em finan\u00e7as e desenvolvimento de neg\u00f3cios.<\/p>\n<p>Os\u00a0investimentos se baseiam em an\u00e1lises intensivas em pesquisa,\u00a0COM forte exig\u00eancia qualitativa em rela\u00e7\u00e3o \u00e0s informa\u00e7\u00f5es que suportam nossas decis\u00f5es, e utilizamos modelos propriet\u00e1rios de an\u00e1lise baseados em expectativas racionais.<\/p>\n<p>Atuamos com vis\u00e3o de acionistas, amparados pela forte convic\u00e7\u00e3o, advinda do profundo conhecimento do neg\u00f3cio e do mercado, que visam gerar valor e riqueza aos nossos investidores.<\/p>\n<p>Nossos investimentos s\u00e3o marcados pela transpar\u00eancia, proximidade e preserva\u00e7\u00e3o de capital: prezamos pela estrita gest\u00e3o de riscos e ader\u00eancia aos mandatos de investimentos. Realizamos um monitoramento cont\u00ednuo de nossas posi\u00e7\u00f5es, que permite uma rea\u00e7\u00e3o adequada \u00e0s condi\u00e7\u00f5es de mercado.<\/p>\n","protected":false},"excerpt":{"rendered":"<p>A DLM Invista Asset Management S\/A \u00e9 uma gestora de recursos financeiros independente especialista em fundos multimercados, de a\u00e7\u00f5es e participa\u00e7\u00f5es, que combina compet\u00eancias em finan\u00e7as e desenvolvimento de neg\u00f3cios&#8230;.<\/p>\n","protected":false},"author":3,"featured_media":0,"comment_status":"closed","ping_status":"closed","sticky":false,"template":"","format":"standard","meta":{"footnotes":""},"categories":[31],"tags":[],"class_list":["post-6617","post","type-post","status-publish","format-standard","hentry","category-noticias"],"_links":{"self":[{"href":"https:\/\/jusprev.org.br\/backup\/wp-json\/wp\/v2\/posts\/6617","targetHints":{"allow":["GET"]}}],"collection":[{"href":"https:\/\/jusprev.org.br\/backup\/wp-json\/wp\/v2\/posts"}],"about":[{"href":"https:\/\/jusprev.org.br\/backup\/wp-json\/wp\/v2\/types\/post"}],"author":[{"embeddable":true,"href":"https:\/\/jusprev.org.br\/backup\/wp-json\/wp\/v2\/users\/3"}],"replies":[{"embeddable":true,"href":"https:\/\/jusprev.org.br\/backup\/wp-json\/wp\/v2\/comments?post=6617"}],"version-history":[{"count":0,"href":"https:\/\/jusprev.org.br\/backup\/wp-json\/wp\/v2\/posts\/6617\/revisions"}],"wp:attachment":[{"href":"https:\/\/jusprev.org.br\/backup\/wp-json\/wp\/v2\/media?parent=6617"}],"wp:term":[{"taxonomy":"category","embeddable":true,"href":"https:\/\/jusprev.org.br\/backup\/wp-json\/wp\/v2\/categories?post=6617"},{"taxonomy":"post_tag","embeddable":true,"href":"https:\/\/jusprev.org.br\/backup\/wp-json\/wp\/v2\/tags?post=6617"}],"curies":[{"name":"wp","href":"https:\/\/api.w.org\/{rel}","templated":true}]}}