{"id":6769,"date":"2013-02-27T15:56:25","date_gmt":"2013-02-27T18:56:25","guid":{"rendered":"https:\/\/jusprev.org.br\/backup\/?p=6769"},"modified":"2013-02-27T15:56:25","modified_gmt":"2013-02-27T18:56:25","slug":"futuro-garantido-desde-o-nascimento","status":"publish","type":"post","link":"https:\/\/jusprev.org.br\/backup\/futuro-garantido-desde-o-nascimento\/","title":{"rendered":"Futuro garantido desde o nascimento"},"content":{"rendered":"<p style=\"text-align: justify;\"><em>Participante mais novo da JUSPREV tem apenas tr\u00eas meses de idade<\/em><\/p>\n<p><em style=\"line-height: 18px; text-align: justify;\"><a href=\"https:\/\/jusprev.org.br\/backup\/wp-content\/uploads\/2013\/02\/DSCF1210.jpg\"><img loading=\"lazy\" decoding=\"async\" class=\"alignleft  wp-image-6771\" alt=\"DSCF1210\" src=\"https:\/\/jusprev.org.br\/backup\/wp-content\/uploads\/2013\/02\/DSCF1210.jpg\" width=\"230\" height=\"196\" \/><\/a><\/em><\/p>\n<p style=\"text-align: justify;\">\u201cTodos os pais tem preocupa\u00e7\u00e3o com o futuro de seus filhos e acredito que uma das formas de garantir esse futuro seja lhes assegurar um benef\u00edcio previdenci\u00e1rio\u201d, essa \u00e9 a opini\u00e3o do participante da JUSPREV, o Promotor de Justi\u00e7a de Foz do Igua\u00e7u, Rudi Rigo Burkle.<\/p>\n<p style=\"text-align: justify;\">Em janeiro, o Promotor fez mais um plano de previd\u00eancia na JUSPREV, dessa vez, para seu filho de apenas tr\u00eas meses de vida, o participante mais novo do Planjus (Plano de Benef\u00edcios Previdenci\u00e1rios institu\u00eddo pela JUSPREV).<\/p>\n<p style=\"text-align: justify;\">\u201cIniciei o pagamento do plano de previd\u00eancia para meus tr\u00eas filhos assim que nasceram. Essa \u00e9 uma maneira de tornar menos onerosa as contribui\u00e7\u00f5es, visto que o per\u00edodo de contribui\u00e7\u00e3o ser\u00e1 mais longo, e assim ser\u00e1 poss\u00edvel assegurar um benef\u00edcio maior\u201d, destaca.<\/p>\n<p style=\"text-align: justify;\">A credibilidade nos colegas que tomaram a iniciativa de criar a JUSPREV foi para ele a motiva\u00e7\u00e3o para aderir ao Planjus e ainda aproveitar para transferir o PGBL (Plano Gerador de Benef\u00edcio Livre) que possu\u00eda em uma institui\u00e7\u00e3o financeira para a JUSPREV, desfrutando assim de taxas mais baixas.<\/p>\n<p style=\"text-align: justify;\">\u201cSempre tive a certeza de que sendo algo nosso, os benef\u00edcios alcan\u00e7ados seriam revertidos em nosso proveito, diferentemente do que ocorre com outros planos privados. A evolu\u00e7\u00e3o da JUSPREV tem demonstrado sua boa gest\u00e3o e com ela sua consolida\u00e7\u00e3o como um dos maiores fundos do pa\u00eds, logo n\u00f3s, membros da JUSPREV, deveremos ser os maiores beneficiados no futuro\u201d, afirma o Promotor.<\/p>\n<p style=\"text-align: justify;\">De acordo com ele,preparar-se para o futuro \u00e9 uma preocupa\u00e7\u00e3o que todas as pessoas precisam ter, ainda que no momento atual seja poss\u00edvel viver uma situa\u00e7\u00e3o tranquila. \u201cN\u00e3o sabemos como ser\u00e1 o futuro, raz\u00e3o pela qual \u00e9 necess\u00e1ria fazer uma reserva financeira e acredito que a previd\u00eancia privada seja uma \u00f3tima op\u00e7\u00e3o para isso\u201d conclui.<\/p>\n<p>&nbsp;<\/p>\n","protected":false},"excerpt":{"rendered":"<p>Participante mais novo da JUSPREV tem apenas tr\u00eas meses de idade \u201cTodos os pais tem preocupa\u00e7\u00e3o com o futuro de seus filhos e acredito que uma das formas de garantir&#8230;<\/p>\n","protected":false},"author":3,"featured_media":0,"comment_status":"closed","ping_status":"closed","sticky":false,"template":"","format":"standard","meta":{"footnotes":""},"categories":[31],"tags":[],"class_list":["post-6769","post","type-post","status-publish","format-standard","hentry","category-noticias"],"_links":{"self":[{"href":"https:\/\/jusprev.org.br\/backup\/wp-json\/wp\/v2\/posts\/6769","targetHints":{"allow":["GET"]}}],"collection":[{"href":"https:\/\/jusprev.org.br\/backup\/wp-json\/wp\/v2\/posts"}],"about":[{"href":"https:\/\/jusprev.org.br\/backup\/wp-json\/wp\/v2\/types\/post"}],"author":[{"embeddable":true,"href":"https:\/\/jusprev.org.br\/backup\/wp-json\/wp\/v2\/users\/3"}],"replies":[{"embeddable":true,"href":"https:\/\/jusprev.org.br\/backup\/wp-json\/wp\/v2\/comments?post=6769"}],"version-history":[{"count":0,"href":"https:\/\/jusprev.org.br\/backup\/wp-json\/wp\/v2\/posts\/6769\/revisions"}],"wp:attachment":[{"href":"https:\/\/jusprev.org.br\/backup\/wp-json\/wp\/v2\/media?parent=6769"}],"wp:term":[{"taxonomy":"category","embeddable":true,"href":"https:\/\/jusprev.org.br\/backup\/wp-json\/wp\/v2\/categories?post=6769"},{"taxonomy":"post_tag","embeddable":true,"href":"https:\/\/jusprev.org.br\/backup\/wp-json\/wp\/v2\/tags?post=6769"}],"curies":[{"name":"wp","href":"https:\/\/api.w.org\/{rel}","templated":true}]}}