{"id":6807,"date":"2013-03-12T14:22:32","date_gmt":"2013-03-12T17:22:32","guid":{"rendered":"https:\/\/jusprev.org.br\/backup\/?p=6807"},"modified":"2013-03-12T14:22:32","modified_gmt":"2013-03-12T17:22:32","slug":"auditores-da-previc-tem-interesse-em-aderir-a-jusprev","status":"publish","type":"post","link":"https:\/\/jusprev.org.br\/backup\/auditores-da-previc-tem-interesse-em-aderir-a-jusprev\/","title":{"rendered":"Gerente apresenta a JUSPREV e seus benef\u00edcios para os Auditores-Fiscais da Receita Federal do Brasil"},"content":{"rendered":"<p style=\"text-align: justify;\">A gerente da JUSPREV, Deborah Traldi Maggio, reuniu-se na quinta-feira (07) em Belo Horizonte com 20 auditores da\u00a0Superintend\u00eancia\u00a0Nacional de Previd\u00eancia Complementar (PREVIC), Associados da Associa\u00e7\u00e3o Nacional dos Auditores Fiscais da Receita Federal do Brasil.<\/p>\n<p style=\"text-align: justify;\">A reuni\u00e3o teve como objetivo divulgar o Plano de Benef\u00edcios Previdenci\u00e1rios da JUSPREV (PLANJUS) e esclarecer d\u00favidas dos auditores que est\u00e3o interessados em aderir ao plano.<\/p>\n<p style=\"text-align: justify;\">Estiveram presentes tamb\u00e9m, o vice-presidente de Pol\u00edtica Salarial da ANFIP, Benedito Leite Sobrinho, o diretor t\u00e9cnico da DLM Invista e gestor do Fundo da JUSPREV, Luiz Fernando Lembi Iani e a gerente comercial da Sucursal de Minais Gerais da Mongeral Aegon, Karina Ribeiro.<\/p>\n<p style=\"text-align: justify;\">&#8220;A reuni\u00e3o foi muito produtiva. Os auditores puderam ter uma vis\u00e3o geral sobre a JUSPREV e seu Plano de Benef\u00edcios Previdenci\u00e1rios, al\u00e9m de esclarecerem d\u00favidas, quanto \u00e0s \u00e1reas de investimentos, comercial, institucional e associativa&#8221;, destacou Deborah Maggio.<\/p>\n","protected":false},"excerpt":{"rendered":"<p>A gerente da JUSPREV, Deborah Traldi Maggio, reuniu-se na quinta-feira (07) em Belo Horizonte com 20 auditores da\u00a0Superintend\u00eancia\u00a0Nacional de Previd\u00eancia Complementar (PREVIC), Associados da Associa\u00e7\u00e3o Nacional dos Auditores Fiscais da&#8230;<\/p>\n","protected":false},"author":3,"featured_media":0,"comment_status":"closed","ping_status":"closed","sticky":false,"template":"","format":"standard","meta":{"footnotes":""},"categories":[31],"tags":[],"class_list":["post-6807","post","type-post","status-publish","format-standard","hentry","category-noticias"],"_links":{"self":[{"href":"https:\/\/jusprev.org.br\/backup\/wp-json\/wp\/v2\/posts\/6807","targetHints":{"allow":["GET"]}}],"collection":[{"href":"https:\/\/jusprev.org.br\/backup\/wp-json\/wp\/v2\/posts"}],"about":[{"href":"https:\/\/jusprev.org.br\/backup\/wp-json\/wp\/v2\/types\/post"}],"author":[{"embeddable":true,"href":"https:\/\/jusprev.org.br\/backup\/wp-json\/wp\/v2\/users\/3"}],"replies":[{"embeddable":true,"href":"https:\/\/jusprev.org.br\/backup\/wp-json\/wp\/v2\/comments?post=6807"}],"version-history":[{"count":0,"href":"https:\/\/jusprev.org.br\/backup\/wp-json\/wp\/v2\/posts\/6807\/revisions"}],"wp:attachment":[{"href":"https:\/\/jusprev.org.br\/backup\/wp-json\/wp\/v2\/media?parent=6807"}],"wp:term":[{"taxonomy":"category","embeddable":true,"href":"https:\/\/jusprev.org.br\/backup\/wp-json\/wp\/v2\/categories?post=6807"},{"taxonomy":"post_tag","embeddable":true,"href":"https:\/\/jusprev.org.br\/backup\/wp-json\/wp\/v2\/tags?post=6807"}],"curies":[{"name":"wp","href":"https:\/\/api.w.org\/{rel}","templated":true}]}}