{"id":6818,"date":"2013-03-14T13:51:41","date_gmt":"2013-03-14T16:51:41","guid":{"rendered":"https:\/\/jusprev.org.br\/backup\/?p=6818"},"modified":"2013-03-14T13:51:41","modified_gmt":"2013-03-14T16:51:41","slug":"malha-abrapp-busca-solucao-definitiva","status":"publish","type":"post","link":"https:\/\/jusprev.org.br\/backup\/malha-abrapp-busca-solucao-definitiva\/","title":{"rendered":"Malha: ABRAPP busca solu\u00e7\u00e3o definitiva"},"content":{"rendered":"<p style=\"text-align: justify;\">O problema est\u00e1 resolvido por agora. Desde que as delegacias da Receita atrav\u00e9s do Pa\u00eds passaram a fornecer arquivo com layout apropriado as entidades n\u00e3o mais encontram dificuldades para informar as autoridades acerca das contribui\u00e7\u00f5es extraordin\u00e1rias e as vertidas por autopatrocinados, evitando com isso que mais participantes caiam na \u201cmalha fina\u201d e retirando dela outros que j\u00e1 haviam tido suas declara\u00e7\u00f5es anuais de ajuste retidas pelo fisco. Mas, se j\u00e1 houve uma solu\u00e7\u00e3o para o curto prazo, falta transformar o tempor\u00e1rio em definitivo e reuni\u00e3o esta semana em Bras\u00edlia nos aproximou desse objetivo.<\/p>\n<p style=\"text-align: justify;\">A reuni\u00e3o foi com o Secret\u00e1rio da Receita, Carlos Alberto Barreto, ao encontro de quem foram o Vice-presidente da Abrapp, Jos\u00e9 Ribeiro Pena Neto, o Presidente do Conselho Deliberativo, Fernando Pimentel de Melo, o representante da Associa\u00e7\u00e3o no CNPC, Reginaldo Jos\u00e9 Camilo, e o Superintendente-geral, Devanir Silva. \u00c0 autoridade agradeceu-se a solu\u00e7\u00e3o tempor\u00e1ria e pediu-se urg\u00eancia agora em que se encontre uma definitiva, um pleito\u00a0 no qual a Abrapp foi acompanhada pelos representantes da previd\u00eancia aberta presentes ao encontro.<\/p>\n<p style=\"text-align: justify;\">O pleito foi no sentido de termos regras claramente definidas em um normativo j\u00e1 a partir de 2014.<\/p>\n<p style=\"text-align: justify;\">O problema que se busca resolver em definitivo diz respeito a dar \u00e0s entidades canais adequados de informar as autoridades a respeito das informa\u00e7\u00f5es sobre\u00a0contribui\u00e7\u00f5es extraordin\u00e1rias e aquelas\u00a0 vertidas por participantes autopatrocinados\u00a0 e outros que contribuem para planos associativos e ainda aqueles que declaram o IR como aut\u00f4nomos. \u00c9 em rela\u00e7\u00e3o a esse grupo de contribuintes que as dificuldades t\u00eam se manifestado.<\/p>\n<p style=\"text-align: justify;\">As autoridades da Receita admitem que para ser inteiramente resolvido o problema, com\u00a0 o estabelecimento de um fluxo normal de informa\u00e7\u00f5es, dever\u00e1 ser estabelecido um sistema de envio e recep\u00e7\u00e3o dos dados, sendo ainda necess\u00e1rias altera\u00e7\u00f5es em normas. E tudo isso s\u00f3 dever\u00e1 mesmo ser alcan\u00e7ado em 2014.<\/p>\n<p style=\"text-align: justify;\">(ABRAPP)<\/p>\n","protected":false},"excerpt":{"rendered":"<p>O problema est\u00e1 resolvido por agora. Desde que as delegacias da Receita atrav\u00e9s do Pa\u00eds passaram a fornecer arquivo com layout apropriado as entidades n\u00e3o mais encontram dificuldades para informar&#8230;<\/p>\n","protected":false},"author":3,"featured_media":0,"comment_status":"closed","ping_status":"closed","sticky":false,"template":"","format":"standard","meta":{"footnotes":""},"categories":[31],"tags":[],"class_list":["post-6818","post","type-post","status-publish","format-standard","hentry","category-noticias"],"_links":{"self":[{"href":"https:\/\/jusprev.org.br\/backup\/wp-json\/wp\/v2\/posts\/6818","targetHints":{"allow":["GET"]}}],"collection":[{"href":"https:\/\/jusprev.org.br\/backup\/wp-json\/wp\/v2\/posts"}],"about":[{"href":"https:\/\/jusprev.org.br\/backup\/wp-json\/wp\/v2\/types\/post"}],"author":[{"embeddable":true,"href":"https:\/\/jusprev.org.br\/backup\/wp-json\/wp\/v2\/users\/3"}],"replies":[{"embeddable":true,"href":"https:\/\/jusprev.org.br\/backup\/wp-json\/wp\/v2\/comments?post=6818"}],"version-history":[{"count":0,"href":"https:\/\/jusprev.org.br\/backup\/wp-json\/wp\/v2\/posts\/6818\/revisions"}],"wp:attachment":[{"href":"https:\/\/jusprev.org.br\/backup\/wp-json\/wp\/v2\/media?parent=6818"}],"wp:term":[{"taxonomy":"category","embeddable":true,"href":"https:\/\/jusprev.org.br\/backup\/wp-json\/wp\/v2\/categories?post=6818"},{"taxonomy":"post_tag","embeddable":true,"href":"https:\/\/jusprev.org.br\/backup\/wp-json\/wp\/v2\/tags?post=6818"}],"curies":[{"name":"wp","href":"https:\/\/api.w.org\/{rel}","templated":true}]}}