{"id":6827,"date":"2013-03-15T17:28:52","date_gmt":"2013-03-15T20:28:52","guid":{"rendered":"https:\/\/jusprev.org.br\/backup\/?p=6827"},"modified":"2013-03-15T17:28:52","modified_gmt":"2013-03-15T20:28:52","slug":"informa-online-no-33-fevereiro-de-2013","status":"publish","type":"post","link":"https:\/\/jusprev.org.br\/backup\/informa-online-no-33-fevereiro-de-2013\/","title":{"rendered":"Informa Online n\u00ba 33 &#8211; Fevereiro de 2013"},"content":{"rendered":"<p>&nbsp;<\/p>\n<table style=\"font-family: verdana, geneva, sans-serif; font-size: 11px;\" width=\"670\" border=\"2\" cellspacing=\"2\" cellpadding=\"0\" bgcolor=\"#006699\">\n<tbody>\n<tr>\n<td>\n<table width=\"640\" border=\"0\" cellspacing=\"5\" cellpadding=\"5\" bgcolor=\"#cccccc\">\n<tbody>\n<tr>\n<td style=\"text-align: center;\" colspan=\"2\">\u00a0<a href=\"https:\/\/jusprev.org.br\/backup\/wp-content\/uploads\/2013\/03\/cabe\u00e7alho-fevereiro-2013.jpg\"><img loading=\"lazy\" decoding=\"async\" class=\"alignleft size-full wp-image-6828\" alt=\"cabe\u00e7alho fevereiro 2013\" src=\"https:\/\/jusprev.org.br\/backup\/wp-content\/uploads\/2013\/03\/cabe\u00e7alho-fevereiro-2013.jpg\" width=\"640\" height=\"124\" \/><\/a><a href=\"https:\/\/jusprev.org.br\/backup\/wp-content\/uploads\/2013\/02\/Cabe\u00e7alho-Janeiro-2013.jpg\"><br \/>\n<\/a><a href=\"https:\/\/jusprev.org.br\/backup\/wp-content\/uploads\/2012\/12\/Cabe\u00e7alho-Dezembro1.jpg\"><br \/>\n<\/a><\/td>\n<\/tr>\n<tr>\n<td style=\"text-align: justify; border: #039 1px solid;\" align=\"justify\" valign=\"top\" bgcolor=\"#ffffff\" width=\"315\">&nbsp;<\/p>\n<div style=\"background-color: #0e2e45; color: #ffffff; font-size: 12px; border: 0px; padding: 5px; text-align: center;\"><span style=\"color: #ffffff;\" data-mce-mark=\"1\"><b><span style=\"color: #ffffff;\" data-mce-mark=\"1\">Nota de Esclarecimento<\/span><\/b><\/span><\/div>\n<p>A JUSPREV \u2013 Previd\u00eancia Associativa do Minist\u00e9rio P\u00fablico, da Justi\u00e7a Brasileira e dos Auditores-Fiscais da Receita Federal do Brasil esclarece que recentemente foi procurada por pessoas que relatam ter recebido correspond\u00eancias em nome de JUSPREV ADVOGADOS ASSOCIADOS e em nome de JUSPREV CONSULTORIA SANTOS E SILVA, tratando-se de Notifica\u00e7\u00e3o \u2013 Execu\u00e7\u00e3o Judicial. A JUSPREV informa que n\u00e3o \u00e9 respons\u00e1vel por esses contatos, tratando-se de tentativas de golpe das referidas empresas. Nos relatos as pessoas dizem ter recebido correspond\u00eancias enviadas destas empresas, cujo teor \u00e9 a solicita\u00e7\u00e3o de dep\u00f3sitos relativos a custas de um processo referente \u00e0 recupera\u00e7\u00e3o de descontos indevidos de participantes de carteiras de pec\u00falio.<\/td>\n<td style=\"text-align: justify; border: #039 1px solid;\" align=\"justify\" valign=\"top\" bgcolor=\"#ffffff\" width=\"315\">&nbsp;<\/p>\n<div style=\"background-color: #0e2e45; color: #fff; font-size: 12px; border: 0px; padding: 5px;\">Gerente apresenta a JUSPREV e seus benef\u00edcios para os Auditores Fiscais da Receita Federal do Brasil<\/div>\n<p>A gerente da JUSPREV, Deborah Traldi Maggio, reuniu-se no dia 07 de mar\u00e7o em Belo Horizonte com 20 auditores da Superintend\u00eancia Nacional de Previd\u00eancia Complementar (PREVIC), Associados da Associa\u00e7\u00e3o Nacional dos Auditores Fiscais da Receita Federal do Brasil. A reuni\u00e3o teve como objetivo divulgar o Plano de Benef\u00edcios Previdenci\u00e1rios da JUSPREV (PLANJUS) e esclarecer d\u00favidas dos auditores que est\u00e3o interessados em aderir ao plano. Estiveram presentes tamb\u00e9m, o vice-presidente de Pol\u00edtica Salarial da ANFIP, Benedito Leite Sobrinho, o diretor t\u00e9cnico da DLM Invista e gestor do Fundo da JUSPREV, Luiz Fernando Lembi Iani e a gerente comercial da Sucursal de Minais Gerais da Mongeral Aegon, Karina Ribeiro.<\/td>\n<td colspan=\"2\"><a href=\"https:\/\/jusprev.org.br\/backup\/wp-content\/uploads\/2012\/12\/Cabe\u00e7alho-Dezembro1.jpg\"><br \/>\n<\/a><a style=\"line-height: 18px; font-size: 13px;\" href=\"https:\/\/jusprev.org.br\/backup\/wp-content\/uploads\/2012\/12\/Cabe\u00e7alho-Dezembro.jpg\"><br \/>\n<\/a><\/td>\n<\/tr>\n<tr>\n<td style=\"text-align: justify; border: #039 1px solid;\" align=\"justify\" valign=\"top\" bgcolor=\"#ffffff\" width=\"315\">\n<div style=\"background-color: #0e2e45; color: #ffffff; font-size: 12px; border: 0px; padding: 5px; text-align: center;\">\n<p>&nbsp;<\/p>\n<div style=\"color: #ffffff; font-size: 12px; border: 0px; padding: 5px; text-align: center; display: inline !important;\">Futuro garantido desde o nascimento<\/div>\n<div style=\"color: #ffffff; font-size: 12px; border: 0px; padding: 5px; text-align: center; display: inline !important;\"><\/div>\n<div style=\"color: #ffffff; font-size: 12px; border: 0px; padding: 5px; text-align: center; display: inline !important;\"><\/div>\n<p>&nbsp;<\/p>\n<\/div>\n<p><img loading=\"lazy\" decoding=\"async\" class=\"alignleft  wp-image-6771\" alt=\"DSCF1210\" src=\"https:\/\/jusprev.org.br\/backup\/wp-content\/uploads\/2013\/02\/DSCF1210.jpg\" width=\"191\" height=\"163\" \/>&#8220;Todos os pais tem preocupa\u00e7\u00e3o com o futuro de seus filhos e acredito que uma das formas de garantir esse futuro seja lhes assegurar um benef\u00edcio previdenci\u00e1rio\u201d, essa \u00e9 a opini\u00e3o do participante da JUSPREV, o Promotor de Justi\u00e7a de Foz do Igua\u00e7u, Rudi Rigo Burkle. Em janeiro, o Promotor fez mais um plano de previd\u00eancia na JUSPREV, dessa vez, para seu filho de apenas tr\u00eas meses de vida, o participante mais novo do Planjus (Plano de Benef\u00edcios Previdenci\u00e1rios institu\u00eddo pela JUSPREV).<\/td>\n<td style=\"text-align: justify; border: #039 1px solid;\" align=\"justify\" valign=\"top\" bgcolor=\"#ffffff\" width=\"315\">&nbsp;<\/p>\n<div style=\"background-color: #0e2e45; color: #fff; font-size: 12px; border: 0px; padding: 5px;\">Conselheiro da JUSPREV publica livro sobre Direito Previdenci\u00e1rio<\/div>\n<p><a href=\"https:\/\/jusprev.org.br\/backup\/wp-content\/uploads\/2013\/03\/livro_jorge_franklin.jpg\"><img loading=\"lazy\" decoding=\"async\" class=\"alignleft  wp-image-6833\" alt=\"livro_jorge_franklin\" src=\"https:\/\/jusprev.org.br\/backup\/wp-content\/uploads\/2013\/03\/livro_jorge_franklin.jpg\" width=\"131\" height=\"172\" \/><\/a>O vice-presidente do Conselho Deliberativo da JUSPREV, Jorge Franklin Alves Felipe publicou neste m\u00eas a 14\u00aa edi\u00e7\u00e3o da obra \u201cTeoria e Pr\u00e1tica do Direito Previdenci\u00e1rio\u201d pela editora Del Rey. Em 300 p\u00e1ginas o autor traz de maneira objetiva e sint\u00e9tica as no\u00e7\u00f5es b\u00e1sicas para o conhecimento e atua\u00e7\u00e3o profissional no Direito Previdenci\u00e1rio, com um cap\u00edtulo inteiramente novo de Pr\u00e1tica Previdenci\u00e1ria, com enfoques processuais e minutas de pe\u00e7as. A edi\u00e7\u00e3o foi atualizada com novos temas relevantes e pol\u00eamicos al\u00e9m da mais recente jurisprud\u00eancia do Supremo Tribunal de Justi\u00e7a.<\/td>\n<\/tr>\n<tr>\n<td style=\"text-align: justify; border: #039 1px solid;\" align=\"justify\" valign=\"top\" bgcolor=\"#ffffff\" width=\"315\">&nbsp;<\/p>\n<div style=\"background-color: #0e2e45; color: #fff; font-size: 12px; border: 0px; padding: 5px;\">\n<p align=\"center\"><span style=\"color: #ffffff;\" data-mce-mark=\"1\"><b><span style=\"color: #ffffff;\" data-mce-mark=\"1\">Malha: ABRAPP busca solu\u00e7\u00e3o definitiva<\/span><\/b><\/span><\/p>\n<\/div>\n<p>O problema est\u00e1 resolvido por agora. Desde que as delegacias da Receita atrav\u00e9s do Pa\u00eds passaram a fornecer arquivo com layout apropriado as entidades n\u00e3o mais encontram dificuldades para informar as autoridades acerca das contribui\u00e7\u00f5es extraordin\u00e1rias e as vertidas por autopatrocinados, evitando com isso que mais participantes caiam na \u201cmalha fina\u201d e retirando dela outros que j\u00e1 haviam tido suas declara\u00e7\u00f5es anuais de ajuste retidas pelo fisco. Mas, se j\u00e1 houve uma solu\u00e7\u00e3o para o curto prazo, falta transformar o tempor\u00e1rio em definitivo e reuni\u00e3o esta semana em Bras\u00edlia nos aproximou desse objetivo.<\/td>\n<td style=\"text-align: justify; border: #039 1px solid;\" align=\"justify\" valign=\"top\" bgcolor=\"#ffffff\" width=\"315\">&nbsp;<\/p>\n<div style=\"background-color: #0e2e45; color: #fff; font-size: 12px; border: 0px; padding: 5px;\">\n<p align=\"center\"><span style=\"color: #ffffff;\" data-mce-mark=\"1\"><b><span style=\"color: #ffffff;\" data-mce-mark=\"1\">Como declarar previd\u00eancia privada no IR<\/span><\/b><\/span><\/p>\n<\/div>\n<p>Para quem investe em previd\u00eancia privada via PGBL (Plano Gerador de Benef\u00edcio Livre), chega a hora de aproveitar a dedu\u00e7\u00e3o de at\u00e9 12% sobre a renda tribut\u00e1vel. Para ter acesso ao benef\u00edcio, \u00e9 preciso optar pelo modelo de declara\u00e7\u00e3o completa. Na pr\u00e1tica, o dinheiro que o contribuinte deposita no PGBL \u00e9 abatido da base de c\u00e1lculo do Imposto de Renda do ano seguinte. Assim, se sua renda tribut\u00e1vel tiver sido de 100 mil reais no ano passado (sujeito \u00e0 al\u00edquota de 27,5% no IR), essa pessoa receber\u00e1 3.300 reais a t\u00edtulo de restitui\u00e7\u00e3o (27,5% sobre os 12 mil reais investidos) ou, se tiver imposto a pagar, ter\u00e1 de pagar 3.300 reais a menos.<\/td>\n<\/tr>\n<tr>\n<td colspan=\"2\" align=\"middle\" valign=\"top\"><img loading=\"lazy\" decoding=\"async\" class=\"size-full wp-image-6387 aligncenter\" alt=\"rede de prote\u00e7\u00e3o\" src=\"https:\/\/jusprev.org.br\/backup\/wp-content\/uploads\/2012\/12\/rede-de-prote\u00e7\u00e3o.jpg\" width=\"652\" height=\"54\" \/><\/p>\n<p style=\"text-align: center;\">\u00a0Curta a p\u00e1gina da JUSPREV no Facebook<a style=\"font-family: verdana, geneva, sans-serif;\" href=\"http:\/\/jusprevpr.emktsender.net\/registra_clique.php?id=TH|teste|140969|6270&amp;url=http%3A%2F%2Fwww.facebook.com%2Fpages%2FJUSPREV%2F109339339167630%3Fref%3Dhl\"><br \/>\n<\/a><\/p>\n<p style=\"text-align: center;\"><a href=\"https:\/\/jusprev.org.br\/backup\/?page_id=5092\">FA\u00c7A UMA SIMULA\u00c7\u00c3O<\/a><\/p>\n<p style=\"text-align: center;\">Rua Mateus Leme, n.\u00ba 2018, T\u00e9rreo, Centro C\u00edvico &#8211; CEP: 80530-010, Curitiba, Paran\u00e1<\/p>\n<\/td>\n<\/tr>\n<tr>\n<td style=\"text-align: center; color: #fff; font-size: 16px; border: 0px; padding: 5px;\" colspan=\"2\" align=\"middle\" bgcolor=\"#0e2e45\"><img loading=\"lazy\" decoding=\"async\" class=\"size-full wp-image-5879\" alt=\"rodape_informativo\" src=\"https:\/\/jusprev.org.br\/backup\/wp-content\/uploads\/2012\/12\/rodape_informativo.jpg\" width=\"640\" height=\"71\" \/><\/td>\n<\/tr>\n<\/tbody>\n<\/table>\n<\/td>\n<\/tr>\n<\/tbody>\n<\/table>\n<p style=\"text-align: center;\">\n","protected":false},"excerpt":{"rendered":"<p>&nbsp; \u00a0 &nbsp; Nota de Esclarecimento A JUSPREV \u2013 Previd\u00eancia Associativa do Minist\u00e9rio P\u00fablico, da Justi\u00e7a Brasileira e dos Auditores-Fiscais da Receita Federal do Brasil esclarece que recentemente foi procurada&#8230;<\/p>\n","protected":false},"author":3,"featured_media":0,"comment_status":"closed","ping_status":"closed","sticky":false,"template":"","format":"standard","meta":{"footnotes":""},"categories":[31],"tags":[],"class_list":["post-6827","post","type-post","status-publish","format-standard","hentry","category-noticias"],"_links":{"self":[{"href":"https:\/\/jusprev.org.br\/backup\/wp-json\/wp\/v2\/posts\/6827","targetHints":{"allow":["GET"]}}],"collection":[{"href":"https:\/\/jusprev.org.br\/backup\/wp-json\/wp\/v2\/posts"}],"about":[{"href":"https:\/\/jusprev.org.br\/backup\/wp-json\/wp\/v2\/types\/post"}],"author":[{"embeddable":true,"href":"https:\/\/jusprev.org.br\/backup\/wp-json\/wp\/v2\/users\/3"}],"replies":[{"embeddable":true,"href":"https:\/\/jusprev.org.br\/backup\/wp-json\/wp\/v2\/comments?post=6827"}],"version-history":[{"count":0,"href":"https:\/\/jusprev.org.br\/backup\/wp-json\/wp\/v2\/posts\/6827\/revisions"}],"wp:attachment":[{"href":"https:\/\/jusprev.org.br\/backup\/wp-json\/wp\/v2\/media?parent=6827"}],"wp:term":[{"taxonomy":"category","embeddable":true,"href":"https:\/\/jusprev.org.br\/backup\/wp-json\/wp\/v2\/categories?post=6827"},{"taxonomy":"post_tag","embeddable":true,"href":"https:\/\/jusprev.org.br\/backup\/wp-json\/wp\/v2\/tags?post=6827"}],"curies":[{"name":"wp","href":"https:\/\/api.w.org\/{rel}","templated":true}]}}