{"id":6831,"date":"2013-03-15T17:48:53","date_gmt":"2013-03-15T20:48:53","guid":{"rendered":"https:\/\/jusprev.org.br\/backup\/?p=6831"},"modified":"2013-03-15T17:48:53","modified_gmt":"2013-03-15T20:48:53","slug":"vice-presidente-do-conselho-deliberativo-da-jusprev-publica-livro-sobre-direito-previdenciario","status":"publish","type":"post","link":"https:\/\/jusprev.org.br\/backup\/vice-presidente-do-conselho-deliberativo-da-jusprev-publica-livro-sobre-direito-previdenciario\/","title":{"rendered":"Vice-presidente do Conselho Deliberativo da JUSPREV publica livro sobre Direito Previdenci\u00e1rio"},"content":{"rendered":"<p style=\"text-align: justify;\"><a href=\"https:\/\/jusprev.org.br\/backup\/wp-content\/uploads\/2013\/03\/livro_jorge_franklin.jpg\"><img loading=\"lazy\" decoding=\"async\" class=\"alignleft  wp-image-6833\" alt=\"livro_jorge_franklin\" src=\"https:\/\/jusprev.org.br\/backup\/wp-content\/uploads\/2013\/03\/livro_jorge_franklin.jpg\" width=\"180\" height=\"236\" \/><\/a>O vice-presidente do Conselho Deliberativo da JUSPREV, Jorge Franklin Alves Felipe publicou este m\u00eas a 14\u00aa edi\u00e7\u00e3o da obra \u201cTeoria e Pr\u00e1tica do Direito Previdenci\u00e1rio\u201d pela editora Del Rey.<\/p>\n<p style=\"text-align: justify;\">Em 300 p\u00e1ginas o autor traz de maneira objetiva e sint\u00e9tica as no\u00e7\u00f5es b\u00e1sicas para o conhecimento e atua\u00e7\u00e3o profissional no Direito Previdenci\u00e1rio, com um cap\u00edtulo inteiramente novo de Pr\u00e1tica Previdenci\u00e1ria, com enfoques processuais e minutas de pe\u00e7as. A edi\u00e7\u00e3o foi atualizada com novos temas relevantes e pol\u00eamicos al\u00e9m da mais recente jurisprud\u00eancia do Supremo Tribunal de Justi\u00e7a.<\/p>\n<p style=\"text-align: justify;\">Jorge Franklin atualmente \u00e9 advogado e, al\u00e9m de magistrado aposentado, tamb\u00e9m \u00e9 professor aposentado de Direito Previdenci\u00e1rio da Universidade Federal de Juiz de Fora (UFJF). \u00c9 autor de diversas obras jur\u00eddicas e \u00a0artigos, proferindo palestras e ministrando cursos sobre o tema.<\/p>\n<p style=\"text-align: justify;\">O livro j\u00e1 pode ser adquirido no site da editora\u00a0<a href=\"http:\/\/www.livrariadelrey.com.br\">http:\/\/www.livrariadelrey.com.br<\/a><\/p>\n<p style=\"text-align: justify;\">\n","protected":false},"excerpt":{"rendered":"<p>O vice-presidente do Conselho Deliberativo da JUSPREV, Jorge Franklin Alves Felipe publicou este m\u00eas a 14\u00aa edi\u00e7\u00e3o da obra \u201cTeoria e Pr\u00e1tica do Direito Previdenci\u00e1rio\u201d pela editora Del Rey. Em&#8230;<\/p>\n","protected":false},"author":3,"featured_media":0,"comment_status":"closed","ping_status":"closed","sticky":false,"template":"","format":"standard","meta":{"footnotes":""},"categories":[31],"tags":[],"class_list":["post-6831","post","type-post","status-publish","format-standard","hentry","category-noticias"],"_links":{"self":[{"href":"https:\/\/jusprev.org.br\/backup\/wp-json\/wp\/v2\/posts\/6831","targetHints":{"allow":["GET"]}}],"collection":[{"href":"https:\/\/jusprev.org.br\/backup\/wp-json\/wp\/v2\/posts"}],"about":[{"href":"https:\/\/jusprev.org.br\/backup\/wp-json\/wp\/v2\/types\/post"}],"author":[{"embeddable":true,"href":"https:\/\/jusprev.org.br\/backup\/wp-json\/wp\/v2\/users\/3"}],"replies":[{"embeddable":true,"href":"https:\/\/jusprev.org.br\/backup\/wp-json\/wp\/v2\/comments?post=6831"}],"version-history":[{"count":0,"href":"https:\/\/jusprev.org.br\/backup\/wp-json\/wp\/v2\/posts\/6831\/revisions"}],"wp:attachment":[{"href":"https:\/\/jusprev.org.br\/backup\/wp-json\/wp\/v2\/media?parent=6831"}],"wp:term":[{"taxonomy":"category","embeddable":true,"href":"https:\/\/jusprev.org.br\/backup\/wp-json\/wp\/v2\/categories?post=6831"},{"taxonomy":"post_tag","embeddable":true,"href":"https:\/\/jusprev.org.br\/backup\/wp-json\/wp\/v2\/tags?post=6831"}],"curies":[{"name":"wp","href":"https:\/\/api.w.org\/{rel}","templated":true}]}}