{"id":6979,"date":"2013-04-18T16:57:48","date_gmt":"2013-04-18T19:57:48","guid":{"rendered":"https:\/\/jusprev.org.br\/backup\/?p=6979"},"modified":"2013-04-18T16:57:48","modified_gmt":"2013-04-18T19:57:48","slug":"x-encontro-de-coordenadores-da-apamagis-conta-com-a-participacao-da-jusprev","status":"publish","type":"post","link":"https:\/\/jusprev.org.br\/backup\/x-encontro-de-coordenadores-da-apamagis-conta-com-a-participacao-da-jusprev\/","title":{"rendered":"X Encontro de Coordenadores da APAMAGIS conta com a participa\u00e7\u00e3o da JUSPREV"},"content":{"rendered":"<p style=\"text-align: justify;\">O X Encontro de Coordenadores da Associa\u00e7\u00e3o Paulista de Magistrados (APAMAGIS), realizado em S\u00e3o Paulo, de 12 a 14 de abril, contou no \u00faltimo s\u00e1bado (13) com a presen\u00e7a da gerente da JUSPREV, Deborah Maggio, que ministrou uma palestra para cerca de 70 magistrados e autoridades convidadas e da coordenadora de Relacionamento com o Participante, Glaucia Mur\u00e7a, que na oportunidade tirou d\u00favidas dos magistrados participantes da JUSPREV.<\/p>\n<p style=\"text-align: justify;\">Dentre os presentes estavam o <em>secret\u00e1rio de Planejamento<\/em>\u00a0e Desenvolvimento Regional do Estado de\u00a0<em>S\u00e3o Paulo, <\/em>Julio Francisco Semeghini<em>, o <\/em>presidente da Funda\u00e7\u00e3o Fraternidade Judici\u00e1ria, Des. F\u00e1bio Costa Carvalho M. de Castro e representando a APAMAGIS, o Diretor-Presidente, Roque Mesquita, o Diretor Secret\u00e1rio, Domingos Frascino, e o presidente do Conselho Consultivo Orientador e Fiscal (CCOF) \u00c1lvaro Augusto dos Passos.<\/p>\n<p style=\"text-align: justify;\">Na ocasi\u00e3o a gerente apresentou o panorama dos regimes de previd\u00eancia no Brasil e seus desafios e a possibilidade de realizar um planejamento para aposentadoria, por meio da JUSPREV. Os convidados puderam conhecer um pouco mais sobre a entidade, sobre seus benef\u00edcios e vantagens, n\u00fameros atuais, quanto ao patrim\u00f4nio e participantes e sobre seus canais comunica\u00e7\u00e3o.<\/p>\n<p style=\"text-align: justify;\">A JUSPREV atualmente conta com mais de 2300 participantes e um patrim\u00f4nio superior a R$ 51 milh\u00f5es. Oferece benef\u00edcios de Renda Mensal Programada, Renda Mensal por Morte, Renda Mensal por Invalidez e Renda Mensal Educacional. A APAMAGIS \u00e9 uma das 55 Associa\u00e7\u00f5es Instituidoras da JUSPREV\u00a0e congrega cerca de 3300 Magistrados da Justi\u00e7a Estadual e da Justi\u00e7a Militar do Estado de S\u00e3o Paulo.<\/p>\n\n","protected":false},"excerpt":{"rendered":"<p>O X Encontro de Coordenadores da Associa\u00e7\u00e3o Paulista de Magistrados (APAMAGIS), realizado em S\u00e3o Paulo, de 12 a 14 de abril, contou no \u00faltimo s\u00e1bado (13) com a presen\u00e7a da&#8230;<\/p>\n","protected":false},"author":3,"featured_media":0,"comment_status":"closed","ping_status":"closed","sticky":false,"template":"","format":"standard","meta":{"footnotes":""},"categories":[31],"tags":[],"class_list":["post-6979","post","type-post","status-publish","format-standard","hentry","category-noticias"],"_links":{"self":[{"href":"https:\/\/jusprev.org.br\/backup\/wp-json\/wp\/v2\/posts\/6979","targetHints":{"allow":["GET"]}}],"collection":[{"href":"https:\/\/jusprev.org.br\/backup\/wp-json\/wp\/v2\/posts"}],"about":[{"href":"https:\/\/jusprev.org.br\/backup\/wp-json\/wp\/v2\/types\/post"}],"author":[{"embeddable":true,"href":"https:\/\/jusprev.org.br\/backup\/wp-json\/wp\/v2\/users\/3"}],"replies":[{"embeddable":true,"href":"https:\/\/jusprev.org.br\/backup\/wp-json\/wp\/v2\/comments?post=6979"}],"version-history":[{"count":0,"href":"https:\/\/jusprev.org.br\/backup\/wp-json\/wp\/v2\/posts\/6979\/revisions"}],"wp:attachment":[{"href":"https:\/\/jusprev.org.br\/backup\/wp-json\/wp\/v2\/media?parent=6979"}],"wp:term":[{"taxonomy":"category","embeddable":true,"href":"https:\/\/jusprev.org.br\/backup\/wp-json\/wp\/v2\/categories?post=6979"},{"taxonomy":"post_tag","embeddable":true,"href":"https:\/\/jusprev.org.br\/backup\/wp-json\/wp\/v2\/tags?post=6979"}],"curies":[{"name":"wp","href":"https:\/\/api.w.org\/{rel}","templated":true}]}}