{"id":7050,"date":"2013-05-23T16:12:59","date_gmt":"2013-05-23T19:12:59","guid":{"rendered":"https:\/\/jusprev.org.br\/backup\/?p=7050"},"modified":"2013-05-23T16:12:59","modified_gmt":"2013-05-23T19:12:59","slug":"cnpc-altera-regra-da-previdencia-complementar-fechada","status":"publish","type":"post","link":"https:\/\/jusprev.org.br\/backup\/cnpc-altera-regra-da-previdencia-complementar-fechada\/","title":{"rendered":"CNPC altera regra da previd\u00eancia complementar fechada"},"content":{"rendered":"<p>O Conselho Nacional de Previd\u00eancia Complementar (CNPC) aprovou nesta segunda-feira uma resolu\u00e7\u00e3o que atualiza as regras de retirada de patroc\u00ednio no regime de previd\u00eancia complementar fechada. A empresa patrocinadora, por exemplo, poder\u00e1, a partir de agora, suspender a contribui\u00e7\u00e3o apenas ap\u00f3s a autoriza\u00e7\u00e3o da Superintend\u00eancia Nacional de Previd\u00eancia Complementar (Previc). Anteriormente, havia companhias que sustavam o patroc\u00ednio logo ap\u00f3s comunicar sua decis\u00e3o \u00e0 superintend\u00eancia. Integrantes do CNPC esperam a publica\u00e7\u00e3o da nova regra no Di\u00e1rio Oficial da Uni\u00e3o ainda nesta semana.<\/p>\n<p>A nova norma tamb\u00e9m mudou a destina\u00e7\u00e3o dos excedentes dos fundos de pens\u00e3o no caso de retirada de patroc\u00ednio &#8211; apenas para a modalidade de benef\u00edcio definido e de contribui\u00e7\u00e3o vari\u00e1vel. Pela resolu\u00e7\u00e3o atualizada, a reserva de conting\u00eancia, que normalmente representa a maior parte do super\u00e1vit de um fundo, ser\u00e1, no momento em que houver a retirada de patroc\u00ednio, inteiramente destinado aos participantes.<\/p>\n<p>A resolu\u00e7\u00e3o que regia a retirada de patroc\u00ednio &#8211; quando a empresa decide interromper as contribui\u00e7\u00f5es previdenci\u00e1rias a seus funcion\u00e1rios &#8211; datava de 1988 e era considerada inadequada por n\u00e3o atender as atuais demandas do sistema de previd\u00eancia complementar. &#8220;Quase 80% dos artigos foram aprovados por unanimidade&#8221;, disse Jaime Mariz, que presidiu a reuni\u00e3o de hoje. Para Mariz, a resolu\u00e7\u00e3o que foi aprovada nesta segunda-feira possui &#8220;avan\u00e7os significativos&#8221; em rela\u00e7\u00e3o \u00e0 sua antecessora. As principais modifica\u00e7\u00f5es foram definidas na semana passada.<\/p>\n<p><b>Destaques<\/b><\/p>\n<p>Entre os destaques analisados hoje, foi aprovada a possibilidade do plano que est\u00e1 em processo de retirada de patroc\u00ednio negociar ativos com os planos remanescentes na mesma entidade &#8211; alternativa que n\u00e3o existia anteriormente. De acordo com o Minist\u00e9rio da Previd\u00eancia Social, h\u00e1 23 planos de pens\u00e3o em processo de retirada de patroc\u00ednio no Brasil.<\/p>\n<p>(fonte: dgabc.com.br)<\/p>\n","protected":false},"excerpt":{"rendered":"<p>O Conselho Nacional de Previd\u00eancia Complementar (CNPC) aprovou nesta segunda-feira uma resolu\u00e7\u00e3o que atualiza as regras de retirada de patroc\u00ednio no regime de previd\u00eancia complementar fechada. A empresa patrocinadora, por&#8230;<\/p>\n","protected":false},"author":4,"featured_media":0,"comment_status":"closed","ping_status":"closed","sticky":false,"template":"","format":"standard","meta":{"footnotes":""},"categories":[31],"tags":[],"class_list":["post-7050","post","type-post","status-publish","format-standard","hentry","category-noticias"],"_links":{"self":[{"href":"https:\/\/jusprev.org.br\/backup\/wp-json\/wp\/v2\/posts\/7050","targetHints":{"allow":["GET"]}}],"collection":[{"href":"https:\/\/jusprev.org.br\/backup\/wp-json\/wp\/v2\/posts"}],"about":[{"href":"https:\/\/jusprev.org.br\/backup\/wp-json\/wp\/v2\/types\/post"}],"author":[{"embeddable":true,"href":"https:\/\/jusprev.org.br\/backup\/wp-json\/wp\/v2\/users\/4"}],"replies":[{"embeddable":true,"href":"https:\/\/jusprev.org.br\/backup\/wp-json\/wp\/v2\/comments?post=7050"}],"version-history":[{"count":0,"href":"https:\/\/jusprev.org.br\/backup\/wp-json\/wp\/v2\/posts\/7050\/revisions"}],"wp:attachment":[{"href":"https:\/\/jusprev.org.br\/backup\/wp-json\/wp\/v2\/media?parent=7050"}],"wp:term":[{"taxonomy":"category","embeddable":true,"href":"https:\/\/jusprev.org.br\/backup\/wp-json\/wp\/v2\/categories?post=7050"},{"taxonomy":"post_tag","embeddable":true,"href":"https:\/\/jusprev.org.br\/backup\/wp-json\/wp\/v2\/tags?post=7050"}],"curies":[{"name":"wp","href":"https:\/\/api.w.org\/{rel}","templated":true}]}}