{"id":7126,"date":"2013-06-05T14:28:24","date_gmt":"2013-06-05T17:28:24","guid":{"rendered":"https:\/\/jusprev.org.br\/backup\/?p=7126"},"modified":"2013-06-05T14:28:24","modified_gmt":"2013-06-05T17:28:24","slug":"jusprev-participa-da-xxiv-convencao-nacional-da-anfip","status":"publish","type":"post","link":"https:\/\/jusprev.org.br\/backup\/jusprev-participa-da-xxiv-convencao-nacional-da-anfip\/","title":{"rendered":"JUSPREV participa da XXIV Conven\u00e7\u00e3o Nacional da ANFIP"},"content":{"rendered":"<div id=\"attachment_7114\" style=\"width: 310px\" class=\"wp-caption alignleft\"><a href=\"https:\/\/jusprev.org.br\/backup\/wp-content\/uploads\/2013\/06\/Dib-e-VP-de-Comunica\u00e7\u00e3o-Social-da-ANFIP-Jeziel-Tadeu-Fior-fazendo-sorteio.jpg\"><img loading=\"lazy\" decoding=\"async\" aria-describedby=\"caption-attachment-7114\" class=\"size-medium wp-image-7114 \" alt=\"Dib e VP de Comunica\u00e7\u00e3o Social da ANFIP - Jeziel Tadeu Fior - fazendo sorteio\" src=\"https:\/\/jusprev.org.br\/backup\/wp-content\/uploads\/2013\/06\/Dib-e-VP-de-Comunica\u00e7\u00e3o-Social-da-ANFIP-Jeziel-Tadeu-Fior-fazendo-sorteio-300x194.jpg\" width=\"300\" height=\"194\" \/><\/a><p id=\"caption-attachment-7114\" class=\"wp-caption-text\">Luiz Dib e o vice-presidente de Comunica\u00e7\u00e3o Social da ANFIP, Jeziel Tadeu Fior, conduzindo o sorteio.<\/p><\/div>\n<p style=\"text-align: justify;\">\n<p style=\"text-align: justify;\">Entre os dias 25 e 28 de maio de 2013 aconteceu, em Manaus (AM) no Hotel Tropical, a XXIV Conven\u00e7\u00e3o Nacional da ANFIP \u2013 Associa\u00e7\u00e3o Nacional dos Auditores Fiscais da Receita Federal do Brasil. O evento, que contou com a presen\u00e7a de mais de mil participantes, mais uma vez, destacou-se pela sua import\u00e2ncia e por sua abrang\u00eancia. A JUSPREV esteve presente em um espa\u00e7o que oportunizou um contato direto com os participantes, divulgando todo seu trabalho realizado. Conforme Luiz Dib &#8211; Superintendente de Previd\u00eancia Privada da Mongeral Aegon Seguros e Previd\u00eancia, respons\u00e1vel pelo Stand da JUSPREV no evento, a ocasi\u00e3o foi de grande import\u00e2ncia, pois proporcionou a apresenta\u00e7\u00e3o da JUSPREV em detalhes aos interessados. Os participantes que passavam pelo stand, ainda tiveram a oportunidade de concorrer a pr\u00eamios que eram entregues em sorteios di\u00e1rios.<\/p>\n<p style=\"text-align: justify;\">Este ano o destaque maior da Conven\u00e7\u00e3o foi a estreia de uma nova modalidade de escolha dos representantes do Conselho Executivo e o Conselho Fiscal: o voto direto dos associados. Pela primeira vez, atendendo aos anseios dos associados, a ANFIP adota o sistema de elei\u00e7\u00e3o direta, numa prova de amadurecimento da categoria. At\u00e9 a \u00faltima Conven\u00e7\u00e3o, a elei\u00e7\u00e3o era sempre realizada durante o pr\u00f3prio evento, \u00e9 a democracia elevada ao mais alto n\u00edvel, o que faz tamb\u00e9m crescer a import\u00e2ncia da entidade como leg\u00edtima representante dos Auditores-Fiscais e como interlocutora de destaque sobre os grandes temas que mobilizam a na\u00e7\u00e3o.<\/p>\n<p style=\"text-align: justify;\">Em raz\u00e3o disso, cresce a import\u00e2ncia da participa\u00e7\u00e3o na Conven\u00e7\u00e3o Nacional, evidenciando que a for\u00e7a de uma entidade est\u00e1 em seu corpo associativo, fornecendo a dire\u00e7\u00e3o e todo o suporte para que as metas sejam alcan\u00e7adas.<\/p>\n","protected":false},"excerpt":{"rendered":"<p>Entre os dias 25 e 28 de maio de 2013 aconteceu, em Manaus (AM) no Hotel Tropical, a XXIV Conven\u00e7\u00e3o Nacional da ANFIP \u2013 Associa\u00e7\u00e3o Nacional dos Auditores Fiscais da&#8230;<\/p>\n","protected":false},"author":4,"featured_media":0,"comment_status":"closed","ping_status":"closed","sticky":false,"template":"","format":"standard","meta":{"footnotes":""},"categories":[31],"tags":[],"class_list":["post-7126","post","type-post","status-publish","format-standard","hentry","category-noticias"],"_links":{"self":[{"href":"https:\/\/jusprev.org.br\/backup\/wp-json\/wp\/v2\/posts\/7126","targetHints":{"allow":["GET"]}}],"collection":[{"href":"https:\/\/jusprev.org.br\/backup\/wp-json\/wp\/v2\/posts"}],"about":[{"href":"https:\/\/jusprev.org.br\/backup\/wp-json\/wp\/v2\/types\/post"}],"author":[{"embeddable":true,"href":"https:\/\/jusprev.org.br\/backup\/wp-json\/wp\/v2\/users\/4"}],"replies":[{"embeddable":true,"href":"https:\/\/jusprev.org.br\/backup\/wp-json\/wp\/v2\/comments?post=7126"}],"version-history":[{"count":0,"href":"https:\/\/jusprev.org.br\/backup\/wp-json\/wp\/v2\/posts\/7126\/revisions"}],"wp:attachment":[{"href":"https:\/\/jusprev.org.br\/backup\/wp-json\/wp\/v2\/media?parent=7126"}],"wp:term":[{"taxonomy":"category","embeddable":true,"href":"https:\/\/jusprev.org.br\/backup\/wp-json\/wp\/v2\/categories?post=7126"},{"taxonomy":"post_tag","embeddable":true,"href":"https:\/\/jusprev.org.br\/backup\/wp-json\/wp\/v2\/tags?post=7126"}],"curies":[{"name":"wp","href":"https:\/\/api.w.org\/{rel}","templated":true}]}}