{"id":7167,"date":"2013-06-18T16:24:09","date_gmt":"2013-06-18T19:24:09","guid":{"rendered":"https:\/\/jusprev.org.br\/backup\/?p=7167"},"modified":"2013-06-18T16:24:09","modified_gmt":"2013-06-18T19:24:09","slug":"entenda-como-o-envelhecimento-da-populacao-vai-afetar-o-deficit-da-previdencia","status":"publish","type":"post","link":"https:\/\/jusprev.org.br\/backup\/entenda-como-o-envelhecimento-da-populacao-vai-afetar-o-deficit-da-previdencia\/","title":{"rendered":"Entenda como o envelhecimento da popula\u00e7\u00e3o vai afetar o d\u00e9ficit da Previd\u00eancia"},"content":{"rendered":"<p style=\"text-align: justify;\">Um v\u00eddeo publicado na (folha.uol.com.br) explica que o pa\u00eds ir\u00e1 envelhecer e ter\u00e1 mais gente apta para a aposentadoria, sem ter jovens suficientes para sustentar o sistema previdenci\u00e1rio. Motivo que refor\u00e7a a raz\u00e3o de pensarmos, de forma urgente, no nosso futuro e no futuro da nossa fam\u00edlia.<\/p>\n<p><a href=\"http:\/\/www1.folha.uol.com.br\/mercado\/2013\/06\/1295445-entenda-como-o-evelhecimento-da-populacao-vai-afetar-o-deficit-da-previdencia.shtml\"><\/p>\n<p style=\"text-align: justify;\">Assista aqui o v\u00eddeo.<\/p>\n<p><\/a><\/p>\n","protected":false},"excerpt":{"rendered":"<p>Um v\u00eddeo publicado na (folha.uol.com.br) explica que o pa\u00eds ir\u00e1 envelhecer e ter\u00e1 mais gente apta para a aposentadoria, sem ter jovens suficientes para sustentar o sistema previdenci\u00e1rio. Motivo que&#8230;<\/p>\n","protected":false},"author":4,"featured_media":0,"comment_status":"closed","ping_status":"closed","sticky":false,"template":"","format":"standard","meta":{"footnotes":""},"categories":[31],"tags":[],"class_list":["post-7167","post","type-post","status-publish","format-standard","hentry","category-noticias"],"_links":{"self":[{"href":"https:\/\/jusprev.org.br\/backup\/wp-json\/wp\/v2\/posts\/7167","targetHints":{"allow":["GET"]}}],"collection":[{"href":"https:\/\/jusprev.org.br\/backup\/wp-json\/wp\/v2\/posts"}],"about":[{"href":"https:\/\/jusprev.org.br\/backup\/wp-json\/wp\/v2\/types\/post"}],"author":[{"embeddable":true,"href":"https:\/\/jusprev.org.br\/backup\/wp-json\/wp\/v2\/users\/4"}],"replies":[{"embeddable":true,"href":"https:\/\/jusprev.org.br\/backup\/wp-json\/wp\/v2\/comments?post=7167"}],"version-history":[{"count":0,"href":"https:\/\/jusprev.org.br\/backup\/wp-json\/wp\/v2\/posts\/7167\/revisions"}],"wp:attachment":[{"href":"https:\/\/jusprev.org.br\/backup\/wp-json\/wp\/v2\/media?parent=7167"}],"wp:term":[{"taxonomy":"category","embeddable":true,"href":"https:\/\/jusprev.org.br\/backup\/wp-json\/wp\/v2\/categories?post=7167"},{"taxonomy":"post_tag","embeddable":true,"href":"https:\/\/jusprev.org.br\/backup\/wp-json\/wp\/v2\/tags?post=7167"}],"curies":[{"name":"wp","href":"https:\/\/api.w.org\/{rel}","templated":true}]}}