{"id":7196,"date":"2013-06-27T16:33:24","date_gmt":"2013-06-27T19:33:24","guid":{"rendered":"https:\/\/jusprev.org.br\/backup\/?p=7196"},"modified":"2013-06-27T16:33:24","modified_gmt":"2013-06-27T19:33:24","slug":"planejamento-financeiro-estrategia-para-um-futuro-mais-tranquilo","status":"publish","type":"post","link":"https:\/\/jusprev.org.br\/backup\/planejamento-financeiro-estrategia-para-um-futuro-mais-tranquilo\/","title":{"rendered":"Planejamento Financeiro: estrat\u00e9gia para um futuro mais tranquilo"},"content":{"rendered":"<p style=\"text-align: justify;\">Recentemente o comentarista da Rede Globo, Alexandre Garcia, falou sobre as d\u00edvidas crescentes que os aposentados t\u00eam que assumir e para tentar sanar as mesmas muitas vezes necessitam ter que voltar a trabalhar. Uma realidade cada vez mais presente na vida de quem j\u00e1 n\u00e3o tem mais idade e nem disposi\u00e7\u00e3o para enfrentar cansativas jornadas de trabalho.<\/p>\n<p style=\"text-align: justify;\">O coment\u00e1rio mostrado no v\u00eddeo, faz despertar mais uma vez a import\u00e2ncia de realizar um planejamento financeiro, como forma de manter um padr\u00e3o de vida digno, visando condi\u00e7\u00f5es que garantam a sua sa\u00fade e o seu bem estar, na t\u00e3o sonhada aposentadoria tranquila.<\/p>\n<p><a href=\"http:\/\/g1.globo.com\/bom-dia-brasil\/noticia\/2013\/06\/o-sonho-da-aposentadoria-se-esvai-diz-alexandre-garcia.html\"><\/p>\n<p style=\"text-align: justify;\">Assista o v\u00eddeo com o coment\u00e1rio.<\/p>\n<p><\/a><\/p>\n","protected":false},"excerpt":{"rendered":"<p>Recentemente o comentarista da Rede Globo, Alexandre Garcia, falou sobre as d\u00edvidas crescentes que os aposentados t\u00eam que assumir e para tentar sanar as mesmas muitas vezes necessitam ter que&#8230;<\/p>\n","protected":false},"author":4,"featured_media":0,"comment_status":"closed","ping_status":"closed","sticky":false,"template":"","format":"standard","meta":{"footnotes":""},"categories":[31],"tags":[],"class_list":["post-7196","post","type-post","status-publish","format-standard","hentry","category-noticias"],"_links":{"self":[{"href":"https:\/\/jusprev.org.br\/backup\/wp-json\/wp\/v2\/posts\/7196","targetHints":{"allow":["GET"]}}],"collection":[{"href":"https:\/\/jusprev.org.br\/backup\/wp-json\/wp\/v2\/posts"}],"about":[{"href":"https:\/\/jusprev.org.br\/backup\/wp-json\/wp\/v2\/types\/post"}],"author":[{"embeddable":true,"href":"https:\/\/jusprev.org.br\/backup\/wp-json\/wp\/v2\/users\/4"}],"replies":[{"embeddable":true,"href":"https:\/\/jusprev.org.br\/backup\/wp-json\/wp\/v2\/comments?post=7196"}],"version-history":[{"count":0,"href":"https:\/\/jusprev.org.br\/backup\/wp-json\/wp\/v2\/posts\/7196\/revisions"}],"wp:attachment":[{"href":"https:\/\/jusprev.org.br\/backup\/wp-json\/wp\/v2\/media?parent=7196"}],"wp:term":[{"taxonomy":"category","embeddable":true,"href":"https:\/\/jusprev.org.br\/backup\/wp-json\/wp\/v2\/categories?post=7196"},{"taxonomy":"post_tag","embeddable":true,"href":"https:\/\/jusprev.org.br\/backup\/wp-json\/wp\/v2\/tags?post=7196"}],"curies":[{"name":"wp","href":"https:\/\/api.w.org\/{rel}","templated":true}]}}