{"id":7367,"date":"2013-09-05T10:13:59","date_gmt":"2013-09-05T13:13:59","guid":{"rendered":"https:\/\/jusprev.org.br\/backup\/?p=7367"},"modified":"2013-09-05T10:13:59","modified_gmt":"2013-09-05T13:13:59","slug":"vice-presidente-de-assuntos-fiscais-da-anfip-vanderley-jose-macaneiro-e-indicado-para-o-cargo-de-diretor-juridico-e-de-beneficios-da-jusprev","status":"publish","type":"post","link":"https:\/\/jusprev.org.br\/backup\/vice-presidente-de-assuntos-fiscais-da-anfip-vanderley-jose-macaneiro-e-indicado-para-o-cargo-de-diretor-juridico-e-de-beneficios-da-jusprev\/","title":{"rendered":"Vice-Presidente de Assuntos Fiscais da ANFIP, Vanderley Jos\u00e9 Ma\u00e7aneiro, \u00e9 indicado para o cargo de Diretor Jur\u00eddico e de Benef\u00edcios da JUSPREV"},"content":{"rendered":"<p style=\"text-align: justify;\">\u00c9 com grande satisfa\u00e7\u00e3o que a JUSPREV anuncia a indica\u00e7\u00e3o do Vice-Presidente de Assuntos Fiscais da ANFIP, Vanderley Jos\u00e9 Ma\u00e7aneiro, para compor o cargo de Diretor Jur\u00eddico e de Benef\u00edcios da JUSPREV. Wanderley ir\u00e1 substituir o atual Diretor Jur\u00eddico e de Benef\u00edcios, F\u00e1bio Bertoli Esmanhotto, que est\u00e1 no cargo desde setembro de 2010.<\/p>\n<p style=\"text-align: justify;\">Al\u00e9m do cargo de Diretor Jur\u00eddico e de Benef\u00edcios, a diretoria executiva continuar\u00e1 composta pela atual Diretora-Presidente, Maria Tereza Uille Gomes, e pelo Diretor Administrativo\u2013 Financeiro, Jair Eduardo Santana.<\/p>\n<p style=\"text-align: justify;\">Em seu curr\u00edculo Vanderley acumula experi\u00eancias como Auditor-Fiscal da Receita Federal do Brasil, Assessor para assuntos socioecon\u00f4micos e Vice-Presidente de Assuntos Fiscais da ANFIP, al\u00e9m de palestrante em v\u00e1rios eventos e semin\u00e1rios promovidos pelo Minist\u00e9rio da Fazenda e Minist\u00e9rio da Previd\u00eancia Social.<\/p>\n<p style=\"text-align: justify;\">A posse da nova Diretoria Executiva est\u00e1 marcada para o dia 30 de setembro, no Four Points by Sheraton Curitiba.<\/p>\n","protected":false},"excerpt":{"rendered":"<p>\u00c9 com grande satisfa\u00e7\u00e3o que a JUSPREV anuncia a indica\u00e7\u00e3o do Vice-Presidente de Assuntos Fiscais da ANFIP, Vanderley Jos\u00e9 Ma\u00e7aneiro, para compor o cargo de Diretor Jur\u00eddico e de Benef\u00edcios&#8230;<\/p>\n","protected":false},"author":3,"featured_media":0,"comment_status":"closed","ping_status":"closed","sticky":false,"template":"","format":"standard","meta":{"footnotes":""},"categories":[31],"tags":[],"class_list":["post-7367","post","type-post","status-publish","format-standard","hentry","category-noticias"],"_links":{"self":[{"href":"https:\/\/jusprev.org.br\/backup\/wp-json\/wp\/v2\/posts\/7367","targetHints":{"allow":["GET"]}}],"collection":[{"href":"https:\/\/jusprev.org.br\/backup\/wp-json\/wp\/v2\/posts"}],"about":[{"href":"https:\/\/jusprev.org.br\/backup\/wp-json\/wp\/v2\/types\/post"}],"author":[{"embeddable":true,"href":"https:\/\/jusprev.org.br\/backup\/wp-json\/wp\/v2\/users\/3"}],"replies":[{"embeddable":true,"href":"https:\/\/jusprev.org.br\/backup\/wp-json\/wp\/v2\/comments?post=7367"}],"version-history":[{"count":0,"href":"https:\/\/jusprev.org.br\/backup\/wp-json\/wp\/v2\/posts\/7367\/revisions"}],"wp:attachment":[{"href":"https:\/\/jusprev.org.br\/backup\/wp-json\/wp\/v2\/media?parent=7367"}],"wp:term":[{"taxonomy":"category","embeddable":true,"href":"https:\/\/jusprev.org.br\/backup\/wp-json\/wp\/v2\/categories?post=7367"},{"taxonomy":"post_tag","embeddable":true,"href":"https:\/\/jusprev.org.br\/backup\/wp-json\/wp\/v2\/tags?post=7367"}],"curies":[{"name":"wp","href":"https:\/\/api.w.org\/{rel}","templated":true}]}}