{"id":7384,"date":"2013-09-12T17:54:38","date_gmt":"2013-09-12T20:54:38","guid":{"rendered":"https:\/\/jusprev.org.br\/backup\/?p=7384"},"modified":"2013-09-12T17:54:38","modified_gmt":"2013-09-12T20:54:38","slug":"34-congresso-brasileiro-dos-fundos-de-pensao-acontece-em-florianopolis","status":"publish","type":"post","link":"https:\/\/jusprev.org.br\/backup\/34-congresso-brasileiro-dos-fundos-de-pensao-acontece-em-florianopolis\/","title":{"rendered":"34\u00b0 Congresso Brasileiro dos Fundos de Pens\u00e3o acontece em Florian\u00f3polis"},"content":{"rendered":"<div id=\"attachment_7385\" style=\"width: 384px\" class=\"wp-caption alignleft\"><a href=\"https:\/\/jusprev.org.br\/backup\/?attachment_id=7385\" rel=\"attachment wp-att-7385\"><img loading=\"lazy\" decoding=\"async\" aria-describedby=\"caption-attachment-7385\" class=\" wp-image-7385 \" alt=\"foto abrapp\" src=\"https:\/\/jusprev.org.br\/backup\/wp-content\/uploads\/2013\/09\/foto-abrapp.jpg\" width=\"374\" height=\"267\" \/><\/a><p id=\"caption-attachment-7385\" class=\"wp-caption-text\">Abertura do 34\u00b0 Congresso &#8211; Palestra Magna com Waldez Ludwig<\/p><\/div>\n<p style=\"text-align: justify;\">Entre os dias 09 e 11 de setembro aconteceu o 34\u00b0 Congresso Brasileiro dos Fundos de Pens\u00e3o no CENTROSUL \u2013 Centro de Conven\u00e7\u00f5es de Florian\u00f3polis. O evento debateu a flexibiliza\u00e7\u00e3o e diversifica\u00e7\u00e3o dos modelos e mecanismos de capta\u00e7\u00e3o de recursos, a Educa\u00e7\u00e3o Previdenci\u00e1ria que permeia toda essa constru\u00e7\u00e3o e tem por prop\u00f3sito a prote\u00e7\u00e3o do trabalhador, o desenvolvimento da economia nacional, mobilizando e conscientizando todos os seus atores sobre a import\u00e2ncia da organiza\u00e7\u00e3o e da for\u00e7a de cada um em um processo de busca de efetividade na adapta\u00e7\u00e3o e compatibiliza\u00e7\u00e3o dos padr\u00f5es globalizados do mercado financeiro.<\/p>\n<p style=\"text-align: justify;\">Este ano o Congresso Brasileiro dos Fundos de Pens\u00e3o teve como tema \u201cPreservar e Avan\u00e7ar: da Estrat\u00e9gia ao Resultado\u201d, e mandou tamb\u00e9m um sinal de vitalidade com que cumpre o seu papel de f\u00f3rum que ajuda a atuar sobre o presente para se moldar o futuro. Teve ainda, uma importante miss\u00e3o adicional: traduzir a\u00e7\u00f5es estrat\u00e9gicas em resultados, como um passo adiante do que foi pensado e discutido nos \u00faltimos congressos. Uma preocupa\u00e7\u00e3o de ir al\u00e9m que orientou o desenho de todo o evento, algo poss\u00edvel de perceber, por exemplo, no painel simult\u00e2neo dedicado \u00e0 tem\u00e1tica da \u201cGest\u00e3o e Governan\u00e7a Orientadas para Resultados\u201d.<\/p>\n<p style=\"text-align: justify;\">Estiveram presentes no evento o Desembargador do Tribunal de Justi\u00e7a do Paran\u00e1, Dr. Paulo Roberto Vasconcelos \u2013 Presidente do Comit\u00ea de Investimentos, a Desembargadora Lenice Bodstein, do Tribunal de Justi\u00e7a do Estado do Paran\u00e1 e membro do Comit\u00ea de Investimentos, Dr. Sandro Loureiro Marones, Conselheiro Efetivo do Conselho Deliberativo, a Gerente Geral da JUSPREV, Deborah Traldi Maggio, a Coordenadora Institucional, Solange Stelle Kruger e o Analista de Comunica\u00e7\u00e3o, Felipe Joanes Voos.<\/p>\n","protected":false},"excerpt":{"rendered":"<p>Entre os dias 09 e 11 de setembro aconteceu o 34\u00b0 Congresso Brasileiro dos Fundos de Pens\u00e3o no CENTROSUL \u2013 Centro de Conven\u00e7\u00f5es de Florian\u00f3polis. O evento debateu a flexibiliza\u00e7\u00e3o&#8230;<\/p>\n","protected":false},"author":3,"featured_media":0,"comment_status":"closed","ping_status":"closed","sticky":false,"template":"","format":"standard","meta":{"footnotes":""},"categories":[31],"tags":[],"class_list":["post-7384","post","type-post","status-publish","format-standard","hentry","category-noticias"],"_links":{"self":[{"href":"https:\/\/jusprev.org.br\/backup\/wp-json\/wp\/v2\/posts\/7384","targetHints":{"allow":["GET"]}}],"collection":[{"href":"https:\/\/jusprev.org.br\/backup\/wp-json\/wp\/v2\/posts"}],"about":[{"href":"https:\/\/jusprev.org.br\/backup\/wp-json\/wp\/v2\/types\/post"}],"author":[{"embeddable":true,"href":"https:\/\/jusprev.org.br\/backup\/wp-json\/wp\/v2\/users\/3"}],"replies":[{"embeddable":true,"href":"https:\/\/jusprev.org.br\/backup\/wp-json\/wp\/v2\/comments?post=7384"}],"version-history":[{"count":0,"href":"https:\/\/jusprev.org.br\/backup\/wp-json\/wp\/v2\/posts\/7384\/revisions"}],"wp:attachment":[{"href":"https:\/\/jusprev.org.br\/backup\/wp-json\/wp\/v2\/media?parent=7384"}],"wp:term":[{"taxonomy":"category","embeddable":true,"href":"https:\/\/jusprev.org.br\/backup\/wp-json\/wp\/v2\/categories?post=7384"},{"taxonomy":"post_tag","embeddable":true,"href":"https:\/\/jusprev.org.br\/backup\/wp-json\/wp\/v2\/tags?post=7384"}],"curies":[{"name":"wp","href":"https:\/\/api.w.org\/{rel}","templated":true}]}}