{"id":7406,"date":"2013-10-01T09:50:31","date_gmt":"2013-10-01T12:50:31","guid":{"rendered":"https:\/\/jusprev.org.br\/backup\/?p=7406"},"modified":"2013-10-01T09:50:31","modified_gmt":"2013-10-01T12:50:31","slug":"nova-diretoria-da-jusprev-e-empossada-oficialmente","status":"publish","type":"post","link":"https:\/\/jusprev.org.br\/backup\/nova-diretoria-da-jusprev-e-empossada-oficialmente\/","title":{"rendered":"Nova diretoria da JUSPREV \u00e9 empossada oficialmente"},"content":{"rendered":"<div id=\"attachment_7407\" style=\"width: 354px\" class=\"wp-caption alignleft\"><a href=\"https:\/\/jusprev.org.br\/backup\/wp-content\/uploads\/2013\/09\/DSCF1755.jpg\"><img loading=\"lazy\" decoding=\"async\" aria-describedby=\"caption-attachment-7407\" class=\" wp-image-7407  \" alt=\"DSCF1755\" src=\"https:\/\/jusprev.org.br\/backup\/wp-content\/uploads\/2013\/09\/DSCF1755.jpg\" width=\"344\" height=\"242\" \/><\/a><p id=\"caption-attachment-7407\" class=\"wp-caption-text\">Diretor Jur\u00eddico e de Benef\u00edcios, Dr. Vanderley Jos\u00e9 Ma\u00e7aneiro, Diretora-Presidente, Maria Tereza Uille Gomes e o Diretor Administrativo-Financeiro, Jair Eduardo Santana<\/p><\/div>\n<p style=\"text-align: justify;\">A nova diretoria da JUSPREV tomou posse no dia 30 de setembro no Four Points by Sheraton, em Curitiba. A solenidade contou com a ilustre presen\u00e7a de Conselheiros, Membros do Comit\u00ea de Investimentos, Presidentes e Representantes das Associa\u00e7\u00f5es Instituidoras, Funda\u00e7\u00f5es e Colaboradores.<\/p>\n<p style=\"text-align: justify;\">Foram reconduzidos ao cargo, com mandato de 3 anos, a Diretora-Presidente, Maria Tereza Uille Gomes, e o Diretor Administrativo-Financeiro, Jair Eduardo Santana. O novo Diretor Jur\u00eddico e de Benef\u00edcios ser\u00e1 o auditor fiscal da Receita Federal do Brasil, Vanderley Jos\u00e9 Ma\u00e7aneiro.<\/p>\n<p style=\"text-align: justify;\">A solenidade foi marcada por discursos motivadores que ressaltaram a import\u00e2ncia da integra\u00e7\u00e3o entre a JUSPREV, suas Associa\u00e7\u00f5es Instituidoras e os participantes, prezando pela transpar\u00eancia de todo o trabalho realizado pela entidade.<\/p>\n<p style=\"text-align: justify;\">Ao passar o cargo de Diretor Jur\u00eddico e de Benef\u00edcios, o Dr. F\u00e1bio Bertoli Esmanhotto agradeceu a oportunidade de ter contribu\u00eddo para o desenvolvimento da JUSPREV, destacando a import\u00e2ncia que esta experi\u00eancia lhe proporcionou na carreira profissional.<\/p>\n<p style=\"text-align: justify;\">O novo integrante da Diretoria Executiva Dr. Vanderley Jos\u00e9 Ma\u00e7aneiro, destacou em seu discurso que reconhece o grande desafio que est\u00e1 assumindo e que pretende desempenhar seu papel com muito comprometimento e esp\u00edrito de equipe.<\/p>\n","protected":false},"excerpt":{"rendered":"<p>A nova diretoria da JUSPREV tomou posse no dia 30 de setembro no Four Points by Sheraton, em Curitiba. A solenidade contou com a ilustre presen\u00e7a de Conselheiros, Membros do&#8230;<\/p>\n","protected":false},"author":4,"featured_media":0,"comment_status":"closed","ping_status":"closed","sticky":false,"template":"","format":"standard","meta":{"footnotes":""},"categories":[31],"tags":[],"class_list":["post-7406","post","type-post","status-publish","format-standard","hentry","category-noticias"],"_links":{"self":[{"href":"https:\/\/jusprev.org.br\/backup\/wp-json\/wp\/v2\/posts\/7406","targetHints":{"allow":["GET"]}}],"collection":[{"href":"https:\/\/jusprev.org.br\/backup\/wp-json\/wp\/v2\/posts"}],"about":[{"href":"https:\/\/jusprev.org.br\/backup\/wp-json\/wp\/v2\/types\/post"}],"author":[{"embeddable":true,"href":"https:\/\/jusprev.org.br\/backup\/wp-json\/wp\/v2\/users\/4"}],"replies":[{"embeddable":true,"href":"https:\/\/jusprev.org.br\/backup\/wp-json\/wp\/v2\/comments?post=7406"}],"version-history":[{"count":0,"href":"https:\/\/jusprev.org.br\/backup\/wp-json\/wp\/v2\/posts\/7406\/revisions"}],"wp:attachment":[{"href":"https:\/\/jusprev.org.br\/backup\/wp-json\/wp\/v2\/media?parent=7406"}],"wp:term":[{"taxonomy":"category","embeddable":true,"href":"https:\/\/jusprev.org.br\/backup\/wp-json\/wp\/v2\/categories?post=7406"},{"taxonomy":"post_tag","embeddable":true,"href":"https:\/\/jusprev.org.br\/backup\/wp-json\/wp\/v2\/tags?post=7406"}],"curies":[{"name":"wp","href":"https:\/\/api.w.org\/{rel}","templated":true}]}}