{"id":7415,"date":"2013-10-07T11:21:33","date_gmt":"2013-10-07T14:21:33","guid":{"rendered":"https:\/\/jusprev.org.br\/backup\/?p=7415"},"modified":"2013-10-07T11:21:33","modified_gmt":"2013-10-07T14:21:33","slug":"faca-agora-mesmo-o-aporte-em-sua-conta-individual-e-consiga-uma-deducao-de-ate-12-no-seu-ir","status":"publish","type":"post","link":"https:\/\/jusprev.org.br\/backup\/faca-agora-mesmo-o-aporte-em-sua-conta-individual-e-consiga-uma-deducao-de-ate-12-no-seu-ir\/","title":{"rendered":"Fa\u00e7a agora mesmo o Aporte em sua conta individual, e consiga uma dedu\u00e7\u00e3o de at\u00e9 12% no seu IR."},"content":{"rendered":"<p><a href=\"http:\/\/186.202.64.96:8080\/JUS\/form.jsp?sys=JUS&amp;action=openform&amp;formID=464567705&amp;align=0&amp;mode=-1&amp;goto=-1&amp;filter=&amp;scrolling=no\"><img loading=\"lazy\" decoding=\"async\" class=\"alignnone  wp-image-7416\" alt=\"Campanha_Aporte\" src=\"https:\/\/jusprev.org.br\/backup\/wp-content\/uploads\/2013\/10\/Campanha_Aporte.jpg\" width=\"613\" height=\"442\" \/><\/a><\/p>\n","protected":false},"excerpt":{"rendered":"","protected":false},"author":4,"featured_media":0,"comment_status":"closed","ping_status":"closed","sticky":false,"template":"","format":"standard","meta":{"footnotes":""},"categories":[31],"tags":[],"class_list":["post-7415","post","type-post","status-publish","format-standard","hentry","category-noticias"],"_links":{"self":[{"href":"https:\/\/jusprev.org.br\/backup\/wp-json\/wp\/v2\/posts\/7415","targetHints":{"allow":["GET"]}}],"collection":[{"href":"https:\/\/jusprev.org.br\/backup\/wp-json\/wp\/v2\/posts"}],"about":[{"href":"https:\/\/jusprev.org.br\/backup\/wp-json\/wp\/v2\/types\/post"}],"author":[{"embeddable":true,"href":"https:\/\/jusprev.org.br\/backup\/wp-json\/wp\/v2\/users\/4"}],"replies":[{"embeddable":true,"href":"https:\/\/jusprev.org.br\/backup\/wp-json\/wp\/v2\/comments?post=7415"}],"version-history":[{"count":0,"href":"https:\/\/jusprev.org.br\/backup\/wp-json\/wp\/v2\/posts\/7415\/revisions"}],"wp:attachment":[{"href":"https:\/\/jusprev.org.br\/backup\/wp-json\/wp\/v2\/media?parent=7415"}],"wp:term":[{"taxonomy":"category","embeddable":true,"href":"https:\/\/jusprev.org.br\/backup\/wp-json\/wp\/v2\/categories?post=7415"},{"taxonomy":"post_tag","embeddable":true,"href":"https:\/\/jusprev.org.br\/backup\/wp-json\/wp\/v2\/tags?post=7415"}],"curies":[{"name":"wp","href":"https:\/\/api.w.org\/{rel}","templated":true}]}}