{"id":7423,"date":"2013-10-08T14:33:21","date_gmt":"2013-10-08T17:33:21","guid":{"rendered":"https:\/\/jusprev.org.br\/backup\/?p=7423"},"modified":"2013-10-08T14:33:21","modified_gmt":"2013-10-08T17:33:21","slug":"jusprev-realiza-treinamento-para-capacitacao-de-funcionarios-e-diretores-das-associacoes-instituidoras","status":"publish","type":"post","link":"https:\/\/jusprev.org.br\/backup\/jusprev-realiza-treinamento-para-capacitacao-de-funcionarios-e-diretores-das-associacoes-instituidoras\/","title":{"rendered":"JUSPREV realiza Treinamento para Capacita\u00e7\u00e3o de Funcion\u00e1rios e Diretores das Associa\u00e7\u00f5es Instituidoras"},"content":{"rendered":"<p style=\"text-align: justify;\"><a href=\"https:\/\/jusprev.org.br\/backup\/wp-content\/uploads\/2013\/10\/20131004_142823.jpg\"><img loading=\"lazy\" decoding=\"async\" class=\" wp-image-7424 alignleft\" alt=\"20131004_142823\" src=\"https:\/\/jusprev.org.br\/backup\/wp-content\/uploads\/2013\/10\/20131004_142823.jpg\" width=\"336\" height=\"252\" \/><\/a>Foi realizado, nos dias 02 a 04 de outubro, no Hotel Bristol Centro C\u00edvico em Curitiba, o Treinamento para Capacita\u00e7\u00e3o de Funcion\u00e1rios e Diretores das Associa\u00e7\u00f5es Instituidoras. O evento contou com a participa\u00e7\u00e3o de representantes de 14 Associa\u00e7\u00f5es Instituidoras, vindos de diversos Estados do pa\u00eds.<\/p>\n<p style=\"text-align: justify;\">O treinamento institucional foi ministrado pela gerente geral da JUSPREV, Deborah Traldi Maggio, objetivando o conhecimento sobre o Estatuto da JUSPREV e o Regulamento do PLANJUS, objetivando o aprendizado de assuntos relacionados \u00e0 previd\u00eancia complementar fechada, visando \u00e0 maior qualidade no atendimento aos associados que se interessarem na ades\u00e3o ao plano de benef\u00edcios previdenci\u00e1rios institu\u00eddo exclusivamente para a classe.<\/p>\n<p style=\"text-align: justify;\">J\u00e1 o treinamento Operacional foi conduzido pela Coordenadora de Relacionamento, Glaucia Josiane Mur\u00e7a e, para encerrar as atividades, Luiz Dib, Superintendente Comercial da Mongeral Aegon, parceira estrat\u00e9gica da JUSPREV na comercializa\u00e7\u00e3o do PLANJUS, ofereceu valiosas dicas e estrat\u00e9gias para elevar ao m\u00e1ximo o aproveitamento nos contatos realizados com os associados.<\/p>\n<p style=\"text-align: justify;\">Os participantes sa\u00edram do treinamento levando na bagagem muita informa\u00e7\u00e3o, capacitados para colocar em pr\u00e1tica o que aprenderam nesses tr\u00eas dias. Conforme o Promotor de Justi\u00e7a, Dr. Gilton Feitosa, que representou a Associa\u00e7\u00e3o Sergipana do Minist\u00e9rio P\u00fablico, o treinamento ocorrido em Curitiba, nos dias 02 a 04, sobre o sistema JUSPREV foi tecnicamente excelente, posto que revelou todas as nuances, vantagens e pertin\u00eancias dos produtos ofertados pela JUSPREV e seus parceiros e foi por demais estimulante para que n\u00f3s, das Instituidoras, possamos divulgar aos colegas associados os diversos benef\u00edcios que ter\u00e3o ao participarem da JUSPREV. \u201cEstou agradecido pelo que aprendi e pelo que fui estimulado positivamente em rela\u00e7\u00e3o a nossa JUSPREV\u201d, destacou.<\/p>\n<p style=\"text-align: justify;\">J\u00e1 para a Assessora de Comunica\u00e7\u00e3o, Am\u00e9lia Aben-Athar da Associa\u00e7\u00e3o dos Magistrados do Estado do Rio de Janeiro, o conhecimento adquirido durante o curso foi relevante para fun\u00e7\u00e3o que desempenha na AMAERJ. Ressaltou que s\u00f3 atrav\u00e9s desse encontro tornou-se poss\u00edvel conhecer os processos da aposentadoria privada no Brasil e o sistema de benef\u00edcios da previd\u00eancia associativa da JUSPREV, bem como a participa\u00e7\u00e3o das instituidoras.<\/p>\n","protected":false},"excerpt":{"rendered":"<p>Foi realizado, nos dias 02 a 04 de outubro, no Hotel Bristol Centro C\u00edvico em Curitiba, o Treinamento para Capacita\u00e7\u00e3o de Funcion\u00e1rios e Diretores das Associa\u00e7\u00f5es Instituidoras. O evento contou&#8230;<\/p>\n","protected":false},"author":4,"featured_media":0,"comment_status":"closed","ping_status":"closed","sticky":false,"template":"","format":"standard","meta":{"footnotes":""},"categories":[31],"tags":[],"class_list":["post-7423","post","type-post","status-publish","format-standard","hentry","category-noticias"],"_links":{"self":[{"href":"https:\/\/jusprev.org.br\/backup\/wp-json\/wp\/v2\/posts\/7423","targetHints":{"allow":["GET"]}}],"collection":[{"href":"https:\/\/jusprev.org.br\/backup\/wp-json\/wp\/v2\/posts"}],"about":[{"href":"https:\/\/jusprev.org.br\/backup\/wp-json\/wp\/v2\/types\/post"}],"author":[{"embeddable":true,"href":"https:\/\/jusprev.org.br\/backup\/wp-json\/wp\/v2\/users\/4"}],"replies":[{"embeddable":true,"href":"https:\/\/jusprev.org.br\/backup\/wp-json\/wp\/v2\/comments?post=7423"}],"version-history":[{"count":0,"href":"https:\/\/jusprev.org.br\/backup\/wp-json\/wp\/v2\/posts\/7423\/revisions"}],"wp:attachment":[{"href":"https:\/\/jusprev.org.br\/backup\/wp-json\/wp\/v2\/media?parent=7423"}],"wp:term":[{"taxonomy":"category","embeddable":true,"href":"https:\/\/jusprev.org.br\/backup\/wp-json\/wp\/v2\/categories?post=7423"},{"taxonomy":"post_tag","embeddable":true,"href":"https:\/\/jusprev.org.br\/backup\/wp-json\/wp\/v2\/tags?post=7423"}],"curies":[{"name":"wp","href":"https:\/\/api.w.org\/{rel}","templated":true}]}}