{"id":7435,"date":"2013-10-10T10:19:12","date_gmt":"2013-10-10T13:19:12","guid":{"rendered":"https:\/\/jusprev.org.br\/backup\/?p=7435"},"modified":"2013-10-10T10:19:12","modified_gmt":"2013-10-10T13:19:12","slug":"consultor-da-jusprev-realiza-visita-aos-associados-do-parana-3","status":"publish","type":"post","link":"https:\/\/jusprev.org.br\/backup\/consultor-da-jusprev-realiza-visita-aos-associados-do-parana-3\/","title":{"rendered":"Consultor da JUSPREV realiza visita aos Associados do Paran\u00e1"},"content":{"rendered":"<p style=\"text-align: justify;\">Entre os dias 21 e 25 de outubro, o Consultor Previdenci\u00e1rio da JUSPREV, Sr. Ricardo Zarate, estar\u00e1 presente na comarca de Maring\u00e1 e regi\u00e3o objetivando oportunizar atendimento diferenciado, com comodidade, prestando esclarecimentos sobre os benef\u00edcios oferecidos pelo PLANJUS \u2013 Plano de Benef\u00edcios Previdenci\u00e1rios institu\u00eddo pela JUSPREV, possibilitando aos interessados a imediata ades\u00e3o ao plano de previd\u00eancia criado exclusivamente para os membros das Associa\u00e7\u00f5es de carreiras jur\u00eddicas p\u00fablicas do Brasil e da Associa\u00e7\u00e3o dos Auditores Fiscais da Receita Federal.<\/p>\n<p style=\"text-align: justify;\">Os associados interessados em receber a visita do consultor podem realizar contato direto com a JUSPREV pelo telefone (41) 3252-3400, pela Central de Relacionamento com o Participante 0800 052 3434 ou pelo e-mail relacionamento@jusprev.org.br<\/p>\n","protected":false},"excerpt":{"rendered":"<p>Entre os dias 21 e 25 de outubro, o Consultor Previdenci\u00e1rio da JUSPREV, Sr. Ricardo Zarate, estar\u00e1 presente na comarca de Maring\u00e1 e regi\u00e3o objetivando oportunizar atendimento diferenciado, com comodidade,&#8230;<\/p>\n","protected":false},"author":4,"featured_media":0,"comment_status":"closed","ping_status":"closed","sticky":false,"template":"","format":"standard","meta":{"footnotes":""},"categories":[31],"tags":[],"class_list":["post-7435","post","type-post","status-publish","format-standard","hentry","category-noticias"],"_links":{"self":[{"href":"https:\/\/jusprev.org.br\/backup\/wp-json\/wp\/v2\/posts\/7435","targetHints":{"allow":["GET"]}}],"collection":[{"href":"https:\/\/jusprev.org.br\/backup\/wp-json\/wp\/v2\/posts"}],"about":[{"href":"https:\/\/jusprev.org.br\/backup\/wp-json\/wp\/v2\/types\/post"}],"author":[{"embeddable":true,"href":"https:\/\/jusprev.org.br\/backup\/wp-json\/wp\/v2\/users\/4"}],"replies":[{"embeddable":true,"href":"https:\/\/jusprev.org.br\/backup\/wp-json\/wp\/v2\/comments?post=7435"}],"version-history":[{"count":0,"href":"https:\/\/jusprev.org.br\/backup\/wp-json\/wp\/v2\/posts\/7435\/revisions"}],"wp:attachment":[{"href":"https:\/\/jusprev.org.br\/backup\/wp-json\/wp\/v2\/media?parent=7435"}],"wp:term":[{"taxonomy":"category","embeddable":true,"href":"https:\/\/jusprev.org.br\/backup\/wp-json\/wp\/v2\/categories?post=7435"},{"taxonomy":"post_tag","embeddable":true,"href":"https:\/\/jusprev.org.br\/backup\/wp-json\/wp\/v2\/tags?post=7435"}],"curies":[{"name":"wp","href":"https:\/\/api.w.org\/{rel}","templated":true}]}}