{"id":7444,"date":"2013-10-16T15:31:34","date_gmt":"2013-10-16T18:31:34","guid":{"rendered":"https:\/\/jusprev.org.br\/backup\/?p=7444"},"modified":"2013-10-16T15:31:34","modified_gmt":"2013-10-16T18:31:34","slug":"amaerj-da-inicio-a-comercializacao-do-plano-de-beneficios-instituido-pela-jusprev","status":"publish","type":"post","link":"https:\/\/jusprev.org.br\/backup\/amaerj-da-inicio-a-comercializacao-do-plano-de-beneficios-instituido-pela-jusprev\/","title":{"rendered":"AMAERJ d\u00e1 in\u00edcio \u00e0 comercializa\u00e7\u00e3o do Plano de Benef\u00edcios Institu\u00eddo pela JUSPREV"},"content":{"rendered":"<div id=\"attachment_7445\" style=\"width: 276px\" class=\"wp-caption alignleft\"><a href=\"https:\/\/jusprev.org.br\/backup\/wp-content\/uploads\/2013\/10\/20131004_142049.jpg\"><img loading=\"lazy\" decoding=\"async\" aria-describedby=\"caption-attachment-7445\" class=\"wp-image-7445  \" alt=\"20131004_142049\" src=\"https:\/\/jusprev.org.br\/backup\/wp-content\/uploads\/2013\/10\/20131004_142049.jpg\" width=\"266\" height=\"177\" \/><\/a><p id=\"caption-attachment-7445\" class=\"wp-caption-text\">Deborah Traldi Maggio &#8211; Gerente Geral da JUSPREV e Am\u00e9lia Aben-Athar, representando a AMAERJ na entrega dos certificados<\/p><\/div>\n<p style=\"text-align: justify;\">\n<p style=\"text-align: justify;\">A AMAERJ &#8211; Associa\u00e7\u00e3o dos Magistrados do Estado do Rio de Janeiro foi uma das instituidoras participantes do treinamento realizado pela JUSPREV nos dias 02 a 04 deste m\u00eas em Curitiba, podendo, a partir de agora, oferecer aos seus associados a oportunidade de desfrutar dos benef\u00edcios e vantagens do PLANJUS \u2013 Plano de Benef\u00edcios Previdenci\u00e1rios, que objetiva a manuten\u00e7\u00e3o do padr\u00e3o de vida do\u00a0 participante e de sua fam\u00edlia.<\/p>\n","protected":false},"excerpt":{"rendered":"<p>A AMAERJ &#8211; Associa\u00e7\u00e3o dos Magistrados do Estado do Rio de Janeiro foi uma das instituidoras participantes do treinamento realizado pela JUSPREV nos dias 02 a 04 deste m\u00eas em&#8230;<\/p>\n","protected":false},"author":4,"featured_media":0,"comment_status":"closed","ping_status":"closed","sticky":false,"template":"","format":"standard","meta":{"footnotes":""},"categories":[31],"tags":[],"class_list":["post-7444","post","type-post","status-publish","format-standard","hentry","category-noticias"],"_links":{"self":[{"href":"https:\/\/jusprev.org.br\/backup\/wp-json\/wp\/v2\/posts\/7444","targetHints":{"allow":["GET"]}}],"collection":[{"href":"https:\/\/jusprev.org.br\/backup\/wp-json\/wp\/v2\/posts"}],"about":[{"href":"https:\/\/jusprev.org.br\/backup\/wp-json\/wp\/v2\/types\/post"}],"author":[{"embeddable":true,"href":"https:\/\/jusprev.org.br\/backup\/wp-json\/wp\/v2\/users\/4"}],"replies":[{"embeddable":true,"href":"https:\/\/jusprev.org.br\/backup\/wp-json\/wp\/v2\/comments?post=7444"}],"version-history":[{"count":0,"href":"https:\/\/jusprev.org.br\/backup\/wp-json\/wp\/v2\/posts\/7444\/revisions"}],"wp:attachment":[{"href":"https:\/\/jusprev.org.br\/backup\/wp-json\/wp\/v2\/media?parent=7444"}],"wp:term":[{"taxonomy":"category","embeddable":true,"href":"https:\/\/jusprev.org.br\/backup\/wp-json\/wp\/v2\/categories?post=7444"},{"taxonomy":"post_tag","embeddable":true,"href":"https:\/\/jusprev.org.br\/backup\/wp-json\/wp\/v2\/tags?post=7444"}],"curies":[{"name":"wp","href":"https:\/\/api.w.org\/{rel}","templated":true}]}}