{"id":7459,"date":"2013-10-18T15:11:47","date_gmt":"2013-10-18T18:11:47","guid":{"rendered":"https:\/\/jusprev.org.br\/backup\/?p=7459"},"modified":"2013-10-18T15:11:47","modified_gmt":"2013-10-18T18:11:47","slug":"previpar-promove-evento-para-aposentados-e-pensionistas","status":"publish","type":"post","link":"https:\/\/jusprev.org.br\/backup\/previpar-promove-evento-para-aposentados-e-pensionistas\/","title":{"rendered":"Previpar promove evento para aposentados e pensionistas"},"content":{"rendered":"<p style=\"text-align: justify;\">Aposentados e pensionistas t\u00eam evento especial nessa ter\u00e7a-feira (22). A Associa\u00e7\u00e3o dos Fundos de Pens\u00e3o do Paran\u00e1 (Previpar) realiza o 1\u00ba Encontro de Aposentados e Pensionistas, no Centro de Conven\u00e7\u00f5es de Curitiba, a partir das 13h. As inscri\u00e7\u00f5es s\u00e3o gratuitas e devem ser feitas pelo telefone (41) 3023-8918.<\/p>\n<p style=\"text-align: justify;\">O evento contar\u00e1 com tr\u00eas palestras e uma feira de servi\u00e7os. \u201cResolvemos fazer esta homenagem trazendo grandes expoentes da atualidade para abrilhantar nossa comemora\u00e7\u00e3o\u201d, conta o presidente da Previpar, Jos\u00e9 Luiz Costa Taborda Rauen. \u201cAinda teremos outras surpresas aos participantes\u201d, adianta.<\/p>\n<p style=\"text-align: justify;\">A primeira palestra do dia, com in\u00edcio \u00e0s 14h, ser\u00e1 ministrada pelo fil\u00f3sofo Cl\u00f3vis de Barros, seguido de um coffee break, e por mais duas palestras, sendo uma com o economista Renato Follador e outra com o m\u00e9dico Marcos Cabrera, que falar\u00e1 sobre qualidade de vida. \u201cEsperamos que este seja o primeiro, de muitos outros, voltados aos aposentados e pensionistas\u201d, afirmou Rauen.<\/p>\n","protected":false},"excerpt":{"rendered":"<p>Aposentados e pensionistas t\u00eam evento especial nessa ter\u00e7a-feira (22). A Associa\u00e7\u00e3o dos Fundos de Pens\u00e3o do Paran\u00e1 (Previpar) realiza o 1\u00ba Encontro de Aposentados e Pensionistas, no Centro de Conven\u00e7\u00f5es&#8230;<\/p>\n","protected":false},"author":4,"featured_media":0,"comment_status":"closed","ping_status":"closed","sticky":false,"template":"","format":"standard","meta":{"footnotes":""},"categories":[31],"tags":[],"class_list":["post-7459","post","type-post","status-publish","format-standard","hentry","category-noticias"],"_links":{"self":[{"href":"https:\/\/jusprev.org.br\/backup\/wp-json\/wp\/v2\/posts\/7459","targetHints":{"allow":["GET"]}}],"collection":[{"href":"https:\/\/jusprev.org.br\/backup\/wp-json\/wp\/v2\/posts"}],"about":[{"href":"https:\/\/jusprev.org.br\/backup\/wp-json\/wp\/v2\/types\/post"}],"author":[{"embeddable":true,"href":"https:\/\/jusprev.org.br\/backup\/wp-json\/wp\/v2\/users\/4"}],"replies":[{"embeddable":true,"href":"https:\/\/jusprev.org.br\/backup\/wp-json\/wp\/v2\/comments?post=7459"}],"version-history":[{"count":0,"href":"https:\/\/jusprev.org.br\/backup\/wp-json\/wp\/v2\/posts\/7459\/revisions"}],"wp:attachment":[{"href":"https:\/\/jusprev.org.br\/backup\/wp-json\/wp\/v2\/media?parent=7459"}],"wp:term":[{"taxonomy":"category","embeddable":true,"href":"https:\/\/jusprev.org.br\/backup\/wp-json\/wp\/v2\/categories?post=7459"},{"taxonomy":"post_tag","embeddable":true,"href":"https:\/\/jusprev.org.br\/backup\/wp-json\/wp\/v2\/tags?post=7459"}],"curies":[{"name":"wp","href":"https:\/\/api.w.org\/{rel}","templated":true}]}}