{"id":7465,"date":"2013-10-22T12:48:13","date_gmt":"2013-10-22T14:48:13","guid":{"rendered":"https:\/\/jusprev.org.br\/backup\/?p=7465"},"modified":"2013-10-22T12:48:13","modified_gmt":"2013-10-22T14:48:13","slug":"anfip-prepara-intensa-mobilizacao-para-dia-nacional-de-luta-pela-aprovacao-da-pec-5552006","status":"publish","type":"post","link":"https:\/\/jusprev.org.br\/backup\/anfip-prepara-intensa-mobilizacao-para-dia-nacional-de-luta-pela-aprovacao-da-pec-5552006\/","title":{"rendered":"ANFIP prepara intensa mobiliza\u00e7\u00e3o para \u201cDia Nacional de Luta pela Aprova\u00e7\u00e3o da PEC 555\/2006\u201d"},"content":{"rendered":"<p>&nbsp;<\/p>\n<p style=\"text-align: justify;\">A ANFIP est\u00e1 em pleno trabalho em defesa da aprova\u00e7\u00e3o da Proposta de Emenda \u00e0 Constitui\u00e7\u00e3o (PEC) 555, de 2006, que extingue gradativamente a cobran\u00e7a previdenci\u00e1ria dos servidores p\u00fablicos aposentados e dos pensionistas. E para refor\u00e7ar as a\u00e7\u00f5es para que a PEC seja votada pelo Plen\u00e1rio da C\u00e2mara, a ANFIP prepara, em conjunto com as entidades estaduais, o\u00a0\u201cDia Nacional de Luta pela Aprova\u00e7\u00e3o da PEC 555\/2006\u201d. A mobiliza\u00e7\u00e3o ser\u00e1 realizada no dia 29 de outubro nos principais aeroportos do pa\u00eds.<\/p>\n<p style=\"text-align: justify;\">Ser\u00e3o faixas, cartazes, panfletos e uma grande movimenta\u00e7\u00e3o para impactar os deputados e sensibiliz\u00e1-los quanto \u00e0 import\u00e2ncia da mat\u00e9ria, al\u00e9m de solicitar a assinatura dos mesmos no requerimento, elaborado pela ANFIP, que pede a inclus\u00e3o da PEC na Ordem do Dia, j\u00e1 que a\u00a0mat\u00e9ria est\u00e1 pronta para aprecia\u00e7\u00e3o do Plen\u00e1rio da C\u00e2mara.<\/p>\n<p style=\"text-align: justify;\">A PEC 555 tem sido alvo de in\u00fameras cr\u00edticas da ANFIP e, neste Dia Nacional de Mobiliza\u00e7\u00e3o, as entidades, al\u00e9m de pedir o apoio dos parlamentares, pretendem denunciar \u00e0 sociedade e \u00e0 imprensa a injusta cobran\u00e7a previdenci\u00e1ria dos servidores.<\/p>\n<p style=\"text-align: justify;\">O ato faz parte das a\u00e7\u00f5es pelo fim dessa contribui\u00e7\u00e3o, aprovadas em audi\u00eancia p\u00fablica realizada na Assembl\u00e9ia Legislativa do Cear\u00e1, no dia 27 de setembro. O debate aconteceu por iniciativa da ANFIP, Acefip e Mosap com o objetivo de solicitar o apoio do deputado Jos\u00e9 Guimar\u00e3es (CE), que \u00e9 o \u00fanico l\u00edder partid\u00e1rio que ainda n\u00e3o assinou requerimento solicitando a vota\u00e7\u00e3o da PEC.<\/p>\n<p style=\"text-align: justify;\"><b style=\"font-size: 13px;\">Audi\u00eancia em Sergipe \u2013<\/b>\u00a0Dentre estas a\u00e7\u00f5es, tamb\u00e9m ser\u00e3o realizadas audi\u00eancias p\u00fablicas nos estados sobre a PEC 555. O pr\u00f3ximo debate acontece no dia 25 de outubro, na Assembl\u00e9ia Legislativa de Sergipe. A sess\u00e3o contar\u00e1 com a presen\u00e7a de senadores, deputados e vereadores.<\/p>\n<p style=\"text-align: justify;\">Fonte: www.anfip.org.br<\/p>\n<p>&nbsp;<\/p>\n","protected":false},"excerpt":{"rendered":"<p>&nbsp; A ANFIP est\u00e1 em pleno trabalho em defesa da aprova\u00e7\u00e3o da Proposta de Emenda \u00e0 Constitui\u00e7\u00e3o (PEC) 555, de 2006, que extingue gradativamente a cobran\u00e7a previdenci\u00e1ria dos servidores p\u00fablicos&#8230;<\/p>\n","protected":false},"author":4,"featured_media":0,"comment_status":"closed","ping_status":"closed","sticky":false,"template":"","format":"standard","meta":{"footnotes":""},"categories":[31],"tags":[],"class_list":["post-7465","post","type-post","status-publish","format-standard","hentry","category-noticias"],"_links":{"self":[{"href":"https:\/\/jusprev.org.br\/backup\/wp-json\/wp\/v2\/posts\/7465","targetHints":{"allow":["GET"]}}],"collection":[{"href":"https:\/\/jusprev.org.br\/backup\/wp-json\/wp\/v2\/posts"}],"about":[{"href":"https:\/\/jusprev.org.br\/backup\/wp-json\/wp\/v2\/types\/post"}],"author":[{"embeddable":true,"href":"https:\/\/jusprev.org.br\/backup\/wp-json\/wp\/v2\/users\/4"}],"replies":[{"embeddable":true,"href":"https:\/\/jusprev.org.br\/backup\/wp-json\/wp\/v2\/comments?post=7465"}],"version-history":[{"count":0,"href":"https:\/\/jusprev.org.br\/backup\/wp-json\/wp\/v2\/posts\/7465\/revisions"}],"wp:attachment":[{"href":"https:\/\/jusprev.org.br\/backup\/wp-json\/wp\/v2\/media?parent=7465"}],"wp:term":[{"taxonomy":"category","embeddable":true,"href":"https:\/\/jusprev.org.br\/backup\/wp-json\/wp\/v2\/categories?post=7465"},{"taxonomy":"post_tag","embeddable":true,"href":"https:\/\/jusprev.org.br\/backup\/wp-json\/wp\/v2\/tags?post=7465"}],"curies":[{"name":"wp","href":"https:\/\/api.w.org\/{rel}","templated":true}]}}