{"id":7468,"date":"2013-10-23T11:20:23","date_gmt":"2013-10-23T13:20:23","guid":{"rendered":"https:\/\/jusprev.org.br\/backup\/?p=7468"},"modified":"2013-10-23T11:20:23","modified_gmt":"2013-10-23T13:20:23","slug":"o-brasil-envelhece-a-olhos-vistos","status":"publish","type":"post","link":"https:\/\/jusprev.org.br\/backup\/o-brasil-envelhece-a-olhos-vistos\/","title":{"rendered":"O Brasil envelhece a olhos vistos"},"content":{"rendered":"<p style=\"text-align: justify;\"><i>Em menos de 40 anos, os idosos ser\u00e3o um ter\u00e7o da popula\u00e7\u00e3o brasileira. \u201cBomba-rel\u00f3gio\u201d da previd\u00eancia amea\u00e7a qualidade de vida na velhice<\/i><\/p>\n<p style=\"text-align: justify;\">O Brasil est\u00e1 envelhecendo, e r\u00e1pido. Com o aumento da expectativa de vida e a queda na taxa de fecundidade (n\u00famero de filhos por mulher), em menos de 40 anos 30% da popula\u00e7\u00e3o ser\u00e1 formada por idosos, segundo o IBGE. A proje\u00e7\u00e3o acende um sinal amarelo para o governo, que precisa implementar logo reformas nas \u00e1reas previdenci\u00e1ria e de sa\u00fade, e aumentar investimentos em pol\u00edticas sociais voltadas \u00e0 terceira idade. Sem isso, o brasileiro corre o risco de chegar \u00e0 velhice sem condi\u00e7\u00f5es de manter a qualidade de vida.<\/p>\n<p style=\"text-align: justify;\">Estudo das Na\u00e7\u00f5es Unidas divulgado no in\u00edcio do m\u00eas revela que o Brasil ocupa a 31.\u00aa posi\u00e7\u00e3o entre os pa\u00edses que apresentam as melhores condi\u00e7\u00f5es de vida para os idosos. Muito disso se deve \u00e0 seguran\u00e7a de renda garantida, em grande parte, pela Previd\u00eancia Social. Segundo o levantamento realizado em 91 pa\u00edses, quase a totalidade das pessoas com mais de 60 anos no Brasil recebe algum tipo de pens\u00e3o ou aposentadoria. Mas o ponto de destaque do pa\u00eds no estudo \u00e9, na verdade, uma bomba-rel\u00f3gio.<\/p>\n<p style=\"text-align: justify;\">Se nenhuma mudan\u00e7a for promovida, a previs\u00e3o \u00e9 que os sistema gere um d\u00e9ficit de R$ 236,4 bilh\u00f5es em 2036 \u2013 o equivalente a 1,17% do Produto Interno Bruto (PIB) projetado. No ano passado, em um cen\u00e1rio de pleno emprego e com 60% da popula\u00e7\u00e3o em idade ativa, a previd\u00eancia j\u00e1 fechou as contas no vermelho: preju\u00edzo de R$ 42,3 bilh\u00f5es \u2013 0,89% do PIB. Em 2050, quando teremos um idoso para cada 1,9 brasileiro em idade ativa, a previs\u00e3o \u00e9 de um quadro catastr\u00f3fico, de aposentadorias cada vez mais baixas e d\u00e9ficit insustent\u00e1vel.<\/p>\n<p style=\"text-align: justify;\">Apesar da necessidade de reforma urgente no sistema, nenhuma mudan\u00e7a trar\u00e1 vantagens ao trabalhador. \u201cN\u00e3o existe reforma de previd\u00eancia para melhorar os benef\u00edcios. Ou s\u00e3o para aumentar a contribui\u00e7\u00e3o ou para diminuir o valor ou o tempo do benef\u00edcio\u201d, comenta o economista Renato Follador, especialista em previd\u00eancia.<\/p>\n<p style=\"text-align: justify;\">Ele destaca que a tend\u00eancia \u00e9 que haja um achatamento das aposentadorias pagas pela previd\u00eancia p\u00fablica ao longo dos anos. De acordo com Follador, continuando como est\u00e1, o teto do INSS ser\u00e1 de tr\u00eas sal\u00e1rios m\u00ednimos em 2038. \u201cE esse fen\u00f4meno \u00e9 no mundo todo\u201d, observa.<\/p>\n<p style=\"text-align: justify;\">Para garantir uma renda maior na velhice, a alternativa \u00e9 investir em planos de previd\u00eancia privada, que lhe garantam, pelo menos, um dinheiro extra para o pagamento do plano de sa\u00fade e compra de medicamentos, duas despesas que acabam pesando no bolso depois dos 60.<\/p>\n<p style=\"text-align: justify;\"><strong>Jovens devem se preparar para a velhice<\/strong><\/p>\n<p style=\"text-align: justify;\">Quem vai cuidar de voc\u00ea na velhice? O melhor \u00e9 que sua resposta seja: eu mesmo. \u00c9 isso o que recomendam os especialistas em terceira idade. As pessoas devem se preparar ainda na juventude \u2013 do ponto de vista financeiro, principalmente \u2013 para n\u00e3o precisar contar com os cuidados da fam\u00edlia quando estiverem idosos.<\/p>\n<p style=\"text-align: justify;\">\u201cAs fam\u00edlias hoje s\u00e3o diferentes. Temos poucos filhos, muitas vezes eles v\u00e3o morar fora, as casas tamb\u00e9m est\u00e3o menores. Acaba que o final da vida do idoso \u00e9 s\u00f3. Ent\u00e3o, ou o Estado entra para proteger essa pessoa ou ela vai usar a sua poupan\u00e7a para contratar cuidadores. N\u00e3o d\u00e1 para contar com a fam\u00edlia\u201d, diz Renato Veras, diretor da Universidade Aberta da Terceira Idade, da Universidade Estadual do Rio de Janeiro.<\/p>\n<p style=\"text-align: justify;\">Veras observa que essa situa\u00e7\u00e3o ocorre no mundo inteiro. Ele relata um caso recente em Portugal no momento em que o pa\u00eds passa por uma crise financeira. \u201cMuitas fam\u00edlias abandonaram seus idosos para tentar a vida em outros pa\u00edses e esses idosos acabaram morrendo por falta de cuidados\u201d, conta.<\/p>\n<p style=\"text-align: justify;\"><strong>Governo vai precisar investir mais recursos em sa\u00fade<\/strong><\/p>\n<p style=\"text-align: justify;\">Gastos com rem\u00e9dios e assist\u00eancia hospitalar tamb\u00e9m pesam nas contas p\u00fablicas \u00e0 medida em que a popula\u00e7\u00e3o vai envelhecendo. No quesito condi\u00e7\u00f5es de sa\u00fade, o Brasil recebeu 56,8 pontos \u2013 numa escala de zero a 100 \u2013 no levantamento das Na\u00e7\u00f5es Unidas que mediu as condi\u00e7\u00f5es de vida dos idosos. \u201cExiste a transi\u00e7\u00e3o demogr\u00e1fica e tamb\u00e9m a epidemiol\u00f3gica, com a diminui\u00e7\u00e3o dos quadros infectocontagiosos e o aumento das doen\u00e7as cr\u00f4nicas e degenerativas, pouco letais, mas incapacitantes\u201d, diz o geriatra Rubens de Fraga J\u00fanior, membro da Sociedade Brasileira de Geriatria e Gerontologia.<\/p>\n<p style=\"text-align: justify;\">Ele explica que esses males dependem de mais recursos do governo. \u201cS\u00e3o doen\u00e7as que demandam um tratamento multidisciplinar, locais adequados para o atendimento dessas pessoas e a capacita\u00e7\u00e3o de cuidadores\u201d, comenta.<\/p>\n<p style=\"text-align: justify;\">No Brasil, as patologias cr\u00f4nicas s\u00e3o respons\u00e1veis por 74% das mortes. Antes de a pessoa morrer, por\u00e9m, ela pode passar anos convivendo com a doen\u00e7a e com uma qualidade de vida baixa. Segundo Fraga J\u00fanior, com o envelhecimento, \u00e9 quase certo que a pessoa desenvolva alguma doen\u00e7a cr\u00f4nica. O ponto, de acordo com ele, \u00e9 retardar essa situa\u00e7\u00e3o ao m\u00e1ximo para dar \u201cvida aos anos e n\u00e3o apenas anos \u00e0 vida\u201d.<\/p>\n<p style=\"text-align: justify;\">\n<p style=\"text-align: center;\"><a href=\"https:\/\/jusprev.org.br\/backup\/wp-content\/uploads\/2013\/10\/info_populacao_2013.png\"><img loading=\"lazy\" decoding=\"async\" class=\" wp-image-7469 aligncenter\" alt=\"info_populacao_2013\" src=\"https:\/\/jusprev.org.br\/backup\/wp-content\/uploads\/2013\/10\/info_populacao_2013.png\" width=\"454\" height=\"559\" \/><\/a><\/p>\n<p style=\"text-align: center;\">\n<p style=\"text-align: center;\">\n<p style=\"text-align: left;\">Fonte: www.gazetadopovo.com.br<\/p>\n","protected":false},"excerpt":{"rendered":"<p>Em menos de 40 anos, os idosos ser\u00e3o um ter\u00e7o da popula\u00e7\u00e3o brasileira. \u201cBomba-rel\u00f3gio\u201d da previd\u00eancia amea\u00e7a qualidade de vida na velhice O Brasil est\u00e1 envelhecendo, e r\u00e1pido. Com o&#8230;<\/p>\n","protected":false},"author":4,"featured_media":0,"comment_status":"closed","ping_status":"closed","sticky":false,"template":"","format":"standard","meta":{"footnotes":""},"categories":[31],"tags":[],"class_list":["post-7468","post","type-post","status-publish","format-standard","hentry","category-noticias"],"_links":{"self":[{"href":"https:\/\/jusprev.org.br\/backup\/wp-json\/wp\/v2\/posts\/7468","targetHints":{"allow":["GET"]}}],"collection":[{"href":"https:\/\/jusprev.org.br\/backup\/wp-json\/wp\/v2\/posts"}],"about":[{"href":"https:\/\/jusprev.org.br\/backup\/wp-json\/wp\/v2\/types\/post"}],"author":[{"embeddable":true,"href":"https:\/\/jusprev.org.br\/backup\/wp-json\/wp\/v2\/users\/4"}],"replies":[{"embeddable":true,"href":"https:\/\/jusprev.org.br\/backup\/wp-json\/wp\/v2\/comments?post=7468"}],"version-history":[{"count":0,"href":"https:\/\/jusprev.org.br\/backup\/wp-json\/wp\/v2\/posts\/7468\/revisions"}],"wp:attachment":[{"href":"https:\/\/jusprev.org.br\/backup\/wp-json\/wp\/v2\/media?parent=7468"}],"wp:term":[{"taxonomy":"category","embeddable":true,"href":"https:\/\/jusprev.org.br\/backup\/wp-json\/wp\/v2\/categories?post=7468"},{"taxonomy":"post_tag","embeddable":true,"href":"https:\/\/jusprev.org.br\/backup\/wp-json\/wp\/v2\/tags?post=7468"}],"curies":[{"name":"wp","href":"https:\/\/api.w.org\/{rel}","templated":true}]}}