{"id":7482,"date":"2013-11-04T09:56:16","date_gmt":"2013-11-04T11:56:16","guid":{"rendered":"https:\/\/jusprev.org.br\/backup\/?p=7482"},"modified":"2013-11-04T09:56:16","modified_gmt":"2013-11-04T11:56:16","slug":"a-importancia-do-aporte-para-elevar-a-reserva-previdenciaria","status":"publish","type":"post","link":"https:\/\/jusprev.org.br\/backup\/a-importancia-do-aporte-para-elevar-a-reserva-previdenciaria\/","title":{"rendered":"A import\u00e2ncia do aporte para elevar a reserva previdenci\u00e1ria"},"content":{"rendered":"<p style=\"text-align: justify;\">Na previd\u00eancia privada, t\u00e3o importante quanto as contribui\u00e7\u00f5es que voc\u00ea deposita mensalmente s\u00e3o os aportes espor\u00e1dicos, tamb\u00e9m conhecidos como aportes adicionais, feitos ao plano.<\/p>\n<p style=\"text-align: justify;\">Atrav\u00e9s dos aportes espor\u00e1dicos voc\u00ea tem condi\u00e7\u00f5es de manter uma contribui\u00e7\u00e3o mensal que \u201ccaiba\u201d em seu or\u00e7amento, al\u00e9m de refor\u00e7ar a reserva previdenci\u00e1ria sempre que existir uma sobra no caixa ou surgir algum recurso adicional: uma heran\u00e7a, 13\u00ba sal\u00e1rio, FGTS na troca de emprego, um trabalho extra que voc\u00ea realizou, etc.<\/p>\n<p style=\"text-align: justify;\">Os aportes espor\u00e1dicos protegem sua meta de aposentadoria contra riscos como rentabilidades menores, consequ\u00eancia das quedas nas taxas de juros que t\u00eam ocorrido.<\/p>\n<p style=\"text-align: justify;\">Eles permitem que voc\u00ea v\u00e1 \u201ccalibrando\u201d o seu plano ao longo do tempo para que, quando for se aposentar, seu benef\u00edcio seja o mais pr\u00f3ximo poss\u00edvel daquele que planejou ou mesmo maior para atender \u00e0 melhora de seu padr\u00e3o de vida, que \u00e9 a tend\u00eancia ao longo de sua ascens\u00e3o profissional.<\/p>\n<p style=\"text-align: justify;\">Adicionalmente, a eleva\u00e7\u00e3o da expectativa de vida al\u00e9m da esperada e a perspectiva de passar um per\u00edodo maior como aposentado exigem uma reserva maior.<\/p>\n<p style=\"text-align: justify;\">Os aportes espor\u00e1dicos \u201cengordam\u201d sua reserva previdenci\u00e1ria. Quanto mais voc\u00ea contribuir, mais rendimentos receber\u00e1 sobre os valores depositados. Quanto antes fizer os aportes, mais tempo eles ficar\u00e3o investidos e rendendo. Isso significa que uma boa parte da sua reserva vir\u00e1 dos juros e n\u00e3o do seu bolso.<\/p>\n<p style=\"text-align: justify;\">Veja este exemplo:<\/p>\n<p style=\"text-align: justify;\">Se durante 30 anos voc\u00ea depositou R$ 200,00 por m\u00eas em seu plano de previd\u00eancia com rentabilidade de 6% ao ano, ter\u00e1, no final deste per\u00edodo uma reserva previdenci\u00e1ria de R$ 195.000,00. Mas se logo ao contratar o plano fez um aporte inicial de R$ 36.000,00 e passou a contribuir com R$ 100,00 por m\u00eas, depois de 30 anos ter\u00e1 R$ 305.000,00, apesar de ter contribu\u00eddo com os mesmos R$ 72.000,00. Ou seja, uma reserva 55% maior por conta dos juros recebidos.<\/p>\n<p style=\"text-align: justify;\">Por fim, aporte adicional n\u00e3o \u00e9 despesa, mas investimento que reverter\u00e1 em aumento de sua reserva e garantir\u00e1 o n\u00edvel de renda planejado na velhice.<\/p>\n<p style=\"text-align: justify;\">fonte:\u00a0<a href=\"http:\/\/previdenciasemblablabla.com.br\/\">previdenciasemblablabla.com.br<\/a><\/p>\n","protected":false},"excerpt":{"rendered":"<p>Na previd\u00eancia privada, t\u00e3o importante quanto as contribui\u00e7\u00f5es que voc\u00ea deposita mensalmente s\u00e3o os aportes espor\u00e1dicos, tamb\u00e9m conhecidos como aportes adicionais, feitos ao plano. Atrav\u00e9s dos aportes espor\u00e1dicos voc\u00ea tem&#8230;<\/p>\n","protected":false},"author":4,"featured_media":0,"comment_status":"closed","ping_status":"closed","sticky":false,"template":"","format":"standard","meta":{"footnotes":""},"categories":[31],"tags":[],"class_list":["post-7482","post","type-post","status-publish","format-standard","hentry","category-noticias"],"_links":{"self":[{"href":"https:\/\/jusprev.org.br\/backup\/wp-json\/wp\/v2\/posts\/7482","targetHints":{"allow":["GET"]}}],"collection":[{"href":"https:\/\/jusprev.org.br\/backup\/wp-json\/wp\/v2\/posts"}],"about":[{"href":"https:\/\/jusprev.org.br\/backup\/wp-json\/wp\/v2\/types\/post"}],"author":[{"embeddable":true,"href":"https:\/\/jusprev.org.br\/backup\/wp-json\/wp\/v2\/users\/4"}],"replies":[{"embeddable":true,"href":"https:\/\/jusprev.org.br\/backup\/wp-json\/wp\/v2\/comments?post=7482"}],"version-history":[{"count":0,"href":"https:\/\/jusprev.org.br\/backup\/wp-json\/wp\/v2\/posts\/7482\/revisions"}],"wp:attachment":[{"href":"https:\/\/jusprev.org.br\/backup\/wp-json\/wp\/v2\/media?parent=7482"}],"wp:term":[{"taxonomy":"category","embeddable":true,"href":"https:\/\/jusprev.org.br\/backup\/wp-json\/wp\/v2\/categories?post=7482"},{"taxonomy":"post_tag","embeddable":true,"href":"https:\/\/jusprev.org.br\/backup\/wp-json\/wp\/v2\/tags?post=7482"}],"curies":[{"name":"wp","href":"https:\/\/api.w.org\/{rel}","templated":true}]}}