{"id":7499,"date":"2013-11-08T10:42:17","date_gmt":"2013-11-08T12:42:17","guid":{"rendered":"https:\/\/jusprev.org.br\/backup\/?p=7499"},"modified":"2013-11-08T10:42:17","modified_gmt":"2013-11-08T12:42:17","slug":"diretor-juridico-e-de-beneficios-da-jusprev-participa-de-seminario-em-salvador","status":"publish","type":"post","link":"https:\/\/jusprev.org.br\/backup\/diretor-juridico-e-de-beneficios-da-jusprev-participa-de-seminario-em-salvador\/","title":{"rendered":"Diretor Jur\u00eddico e de Benef\u00edcios da JUSPREV participa de Semin\u00e1rio em Salvador"},"content":{"rendered":"<p style=\"text-align: justify;\">O Diretor Jur\u00eddico e de Benef\u00edcios da JUSPREV, Dr. Vanderley Jos\u00e9 Ma\u00e7aneiro, participou do 2\u00ba Semin\u00e1rio \u201cA integra\u00e7\u00e3o dos \u00d3rg\u00e3os Estatut\u00e1rios na Governan\u00e7a\u201d \u2013 A Sustentabilidade da Previd\u00eancia Complementar e a Import\u00e2ncia da Governan\u00e7a, que aconteceu no dia 07 de novembro, no Bahia Othon Palace Hotel em Salvador. O evento destinado exclusivamente aos Diretores, gerentes e membros dos Conselhos Deliberativo e Fiscal das Entidades Fechadas de Previd\u00eancia Complementar, teve como principal objetivo conhecer as principais a\u00e7\u00f5es direcionadas a mitigar os riscos que est\u00e3o expostas as EFPCs e fortalecer a governan\u00e7a dos Fundos de Pens\u00e3o.<\/p>\n<p style=\"text-align: justify;\">Conforme Dr. Vanderley, em todos os pain\u00e9is os palestrantes mostraram-se muito preparados atendendo \u00e0 expectativa dos participantes, sendo que o tema em destaque durante o evento foi a comunica\u00e7\u00e3o. Todas as exposi\u00e7\u00f5es e debates culminaram na necessidade de melhoria na forma de comunicar com o participante, ressaltando que a estrat\u00e9gia de comunica\u00e7\u00e3o deve ser desenvolvida para atender \u00e0s necessidades do participante e n\u00e3o da entidade.<\/p>\n","protected":false},"excerpt":{"rendered":"<p>O Diretor Jur\u00eddico e de Benef\u00edcios da JUSPREV, Dr. Vanderley Jos\u00e9 Ma\u00e7aneiro, participou do 2\u00ba Semin\u00e1rio \u201cA integra\u00e7\u00e3o dos \u00d3rg\u00e3os Estatut\u00e1rios na Governan\u00e7a\u201d \u2013 A Sustentabilidade da Previd\u00eancia Complementar e&#8230;<\/p>\n","protected":false},"author":4,"featured_media":0,"comment_status":"closed","ping_status":"closed","sticky":false,"template":"","format":"standard","meta":{"footnotes":""},"categories":[31],"tags":[],"class_list":["post-7499","post","type-post","status-publish","format-standard","hentry","category-noticias"],"_links":{"self":[{"href":"https:\/\/jusprev.org.br\/backup\/wp-json\/wp\/v2\/posts\/7499","targetHints":{"allow":["GET"]}}],"collection":[{"href":"https:\/\/jusprev.org.br\/backup\/wp-json\/wp\/v2\/posts"}],"about":[{"href":"https:\/\/jusprev.org.br\/backup\/wp-json\/wp\/v2\/types\/post"}],"author":[{"embeddable":true,"href":"https:\/\/jusprev.org.br\/backup\/wp-json\/wp\/v2\/users\/4"}],"replies":[{"embeddable":true,"href":"https:\/\/jusprev.org.br\/backup\/wp-json\/wp\/v2\/comments?post=7499"}],"version-history":[{"count":0,"href":"https:\/\/jusprev.org.br\/backup\/wp-json\/wp\/v2\/posts\/7499\/revisions"}],"wp:attachment":[{"href":"https:\/\/jusprev.org.br\/backup\/wp-json\/wp\/v2\/media?parent=7499"}],"wp:term":[{"taxonomy":"category","embeddable":true,"href":"https:\/\/jusprev.org.br\/backup\/wp-json\/wp\/v2\/categories?post=7499"},{"taxonomy":"post_tag","embeddable":true,"href":"https:\/\/jusprev.org.br\/backup\/wp-json\/wp\/v2\/tags?post=7499"}],"curies":[{"name":"wp","href":"https:\/\/api.w.org\/{rel}","templated":true}]}}