{"id":7516,"date":"2013-11-20T10:50:16","date_gmt":"2013-11-20T12:50:16","guid":{"rendered":"https:\/\/jusprev.org.br\/backup\/?p=7516"},"modified":"2013-11-20T10:50:16","modified_gmt":"2013-11-20T12:50:16","slug":"jusprev-participa-do-xi-congresso-nacional-de-defensores-publicos","status":"publish","type":"post","link":"https:\/\/jusprev.org.br\/backup\/jusprev-participa-do-xi-congresso-nacional-de-defensores-publicos\/","title":{"rendered":"JUSPREV participa do XI Congresso Nacional de Defensores P\u00fablicos"},"content":{"rendered":"<p style=\"text-align: justify;\">O XI Congresso Nacional de Defensores P\u00fablicos ocorreu entre os dias 13 e 16 de novembro de 2013, no Centro de Conven\u00e7\u00f5es em Vit\u00f3ria\/ES. O evento, considerado como o maior da Defensoria P\u00fablica Nacional, teve como principal tema \u201cDefensoria P\u00fablica e seus novos desafios\u201d e contou com a participa\u00e7\u00e3o de Defensores P\u00fablicos, juristas, estudantes e representantes da sociedade civil.<\/p>\n<p style=\"text-align: justify;\">A programa\u00e7\u00e3o foi contemplada com confer\u00eancias e pain\u00e9is com expoentes do pensamento jur\u00eddico, reuni\u00f5es especializadas, concursos de teses e pr\u00e1ticas exitosas, al\u00e9m da Assembleia Geral, onde foram tra\u00e7adas as principais diretrizes para os pr\u00f3ximos anos, e divulgado o trabalho j\u00e1 realizado. Os debates tiveram como foco os novos e grandes desafios da Defensoria P\u00fablica, buscando os meios de consolidar o crescimento institucional dos \u00faltimos anos.<\/p>\n<p style=\"text-align: justify;\">A JUSPREV esteve presente no evento, representada pelo Superintendente Comercial da Mongeral Aegon, Luiz Dib. Na ocasi\u00e3o, foi poss\u00edvel apresentar as vantagens e os benef\u00edcios do PLANJUS, ressaltando a import\u00e2ncia em adquirir um plano complementar.<\/p>\n","protected":false},"excerpt":{"rendered":"<p>O XI Congresso Nacional de Defensores P\u00fablicos ocorreu entre os dias 13 e 16 de novembro de 2013, no Centro de Conven\u00e7\u00f5es em Vit\u00f3ria\/ES. O evento, considerado como o maior&#8230;<\/p>\n","protected":false},"author":4,"featured_media":0,"comment_status":"closed","ping_status":"closed","sticky":false,"template":"","format":"standard","meta":{"footnotes":""},"categories":[31],"tags":[],"class_list":["post-7516","post","type-post","status-publish","format-standard","hentry","category-noticias"],"_links":{"self":[{"href":"https:\/\/jusprev.org.br\/backup\/wp-json\/wp\/v2\/posts\/7516","targetHints":{"allow":["GET"]}}],"collection":[{"href":"https:\/\/jusprev.org.br\/backup\/wp-json\/wp\/v2\/posts"}],"about":[{"href":"https:\/\/jusprev.org.br\/backup\/wp-json\/wp\/v2\/types\/post"}],"author":[{"embeddable":true,"href":"https:\/\/jusprev.org.br\/backup\/wp-json\/wp\/v2\/users\/4"}],"replies":[{"embeddable":true,"href":"https:\/\/jusprev.org.br\/backup\/wp-json\/wp\/v2\/comments?post=7516"}],"version-history":[{"count":0,"href":"https:\/\/jusprev.org.br\/backup\/wp-json\/wp\/v2\/posts\/7516\/revisions"}],"wp:attachment":[{"href":"https:\/\/jusprev.org.br\/backup\/wp-json\/wp\/v2\/media?parent=7516"}],"wp:term":[{"taxonomy":"category","embeddable":true,"href":"https:\/\/jusprev.org.br\/backup\/wp-json\/wp\/v2\/categories?post=7516"},{"taxonomy":"post_tag","embeddable":true,"href":"https:\/\/jusprev.org.br\/backup\/wp-json\/wp\/v2\/tags?post=7516"}],"curies":[{"name":"wp","href":"https:\/\/api.w.org\/{rel}","templated":true}]}}