{"id":7519,"date":"2013-11-20T10:59:52","date_gmt":"2013-11-20T12:59:52","guid":{"rendered":"https:\/\/jusprev.org.br\/backup\/?p=7519"},"modified":"2013-11-20T10:59:52","modified_gmt":"2013-11-20T12:59:52","slug":"48-dos-brasileiros-nao-tem-nenhum-tipo-de-previdencia","status":"publish","type":"post","link":"https:\/\/jusprev.org.br\/backup\/48-dos-brasileiros-nao-tem-nenhum-tipo-de-previdencia\/","title":{"rendered":"48% dos brasileiros n\u00e3o t\u00eam nenhum tipo de previd\u00eancia"},"content":{"rendered":"<p style=\"text-align: justify;\">Quase metade dos brasileiros n\u00e3o possui qualquer tipo de amparo para a velhice ou para um sinistro que venha acontecer na vida. O alerta \u00e9 do Indicador Serasa Experian de Educa\u00e7\u00e3o Financeira do Consumidor. O estudo aponta que 48% dos brasileiros s\u00e3o negligentes quando o assunto \u00e9 previd\u00eancia e n\u00e3o fazem nenhum tipo de investimento para sua aposentadoria. O fato \u00e9 particularmente preocupante em um pa\u00eds que envelhece no dobro da velocidade dos Estados Unidos.<\/p>\n<p style=\"text-align: justify;\">O \u00edndice do Serasa \u00e9 um dos \u00fanicos indicadores do n\u00edvel de educa\u00e7\u00e3o financeira da popula\u00e7\u00e3o brasileira e o maior em termos de abrang\u00eancia e n\u00edvel de detalhes. Para chegar aos resultados, foram consultadas 2.002 pessoas em 142 cidades de todos os estados brasileiros e do Distrito Federal no primeiro trimestre de 2013.<\/p>\n<p style=\"text-align: justify;\">A pesquisa mostrou que a contribui\u00e7\u00e3o \u00e0 Previd\u00eancia Social \u2013 ao Instituto Nacional do Seguro Social (INSS) \u2013 \u00e9 o \u00fanico tipo de investimento para a aposentadoria para 42% dos entrevistados. E apenas 5% combinam a contribui\u00e7\u00e3o ao INSS com um plano de previd\u00eancia privada.<\/p>\n<p style=\"text-align: justify;\">Uma parcela ainda menor, correspondente a 2% dos entrevistados, possui a previd\u00eancia privada como \u00fanica forma de acumula\u00e7\u00e3o de patrim\u00f4nio para a aposentadoria.<\/p>\n<p style=\"text-align: justify;\">Cerca de 3% dos entrevistados n\u00e3o souberam ou se recusaram a responder se possuem algum tipo de poupan\u00e7a para a aposentadoria.<\/p>\n<p style=\"text-align: justify;\">Celso Matos, pesquisador respons\u00e1vel pelo indicador da Serasa, afirma que o desleixo do brasileiro em rela\u00e7\u00e3o \u00e0 sua aposentadoria pode ser explicado pelo imediatismo com que ele lida com suas decis\u00f5es financeiras.<\/p>\n<p style=\"text-align: justify;\">Segundo ele, existe uma orienta\u00e7\u00e3o muito forte ao curto prazo, em detrimento do longo prazo. \u201cO brasileiro pensa que a aposentadoria vai demorar a chegar e acaba priorizando tudo o que quer consumir hoje, independentemente das consequ\u00eancias disso no longo prazo\u201d, explica Matos.<\/p>\n<p style=\"text-align: justify;\">\n<p style=\"text-align: justify;\"><strong style=\"font-size: 13px;\">Planejamento<\/strong><\/p>\n<p style=\"text-align: justify;\">Os dados divulgados pelo Serasa destacam a falta de planejamento do brasileiro, quest\u00e3o que tem sido bastante discutida por especialistas em aposentadoria.<\/p>\n<p style=\"text-align: justify;\">E mesmo quem investe pensando no longo prazo muitas vezes planeja sua aposentadoria da forma errada. Alguns dos equ\u00edvocos mais comuns s\u00e3o considerar que a aposentadoria durar\u00e1 apenas 10 ou 20 anos, acreditar que os gastos v\u00e3o diminuir futuramente e investir sem calcular o real efeito da infla\u00e7\u00e3o.<\/p>\n<p style=\"text-align: justify;\">\n<p style=\"text-align: justify;\">fonte:\u00a0<a href=\"http:\/\/agenciabrasil.ebc.com.br\/\">agenciabrasil.ebc.com.br<\/a><\/p>\n","protected":false},"excerpt":{"rendered":"<p>Quase metade dos brasileiros n\u00e3o possui qualquer tipo de amparo para a velhice ou para um sinistro que venha acontecer na vida. O alerta \u00e9 do Indicador Serasa Experian de&#8230;<\/p>\n","protected":false},"author":4,"featured_media":0,"comment_status":"closed","ping_status":"closed","sticky":false,"template":"","format":"standard","meta":{"footnotes":""},"categories":[31],"tags":[],"class_list":["post-7519","post","type-post","status-publish","format-standard","hentry","category-noticias"],"_links":{"self":[{"href":"https:\/\/jusprev.org.br\/backup\/wp-json\/wp\/v2\/posts\/7519","targetHints":{"allow":["GET"]}}],"collection":[{"href":"https:\/\/jusprev.org.br\/backup\/wp-json\/wp\/v2\/posts"}],"about":[{"href":"https:\/\/jusprev.org.br\/backup\/wp-json\/wp\/v2\/types\/post"}],"author":[{"embeddable":true,"href":"https:\/\/jusprev.org.br\/backup\/wp-json\/wp\/v2\/users\/4"}],"replies":[{"embeddable":true,"href":"https:\/\/jusprev.org.br\/backup\/wp-json\/wp\/v2\/comments?post=7519"}],"version-history":[{"count":0,"href":"https:\/\/jusprev.org.br\/backup\/wp-json\/wp\/v2\/posts\/7519\/revisions"}],"wp:attachment":[{"href":"https:\/\/jusprev.org.br\/backup\/wp-json\/wp\/v2\/media?parent=7519"}],"wp:term":[{"taxonomy":"category","embeddable":true,"href":"https:\/\/jusprev.org.br\/backup\/wp-json\/wp\/v2\/categories?post=7519"},{"taxonomy":"post_tag","embeddable":true,"href":"https:\/\/jusprev.org.br\/backup\/wp-json\/wp\/v2\/tags?post=7519"}],"curies":[{"name":"wp","href":"https:\/\/api.w.org\/{rel}","templated":true}]}}