{"id":7522,"date":"2013-11-21T09:39:48","date_gmt":"2013-11-21T11:39:48","guid":{"rendered":"https:\/\/jusprev.org.br\/backup\/?p=7522"},"modified":"2013-11-21T09:39:48","modified_gmt":"2013-11-21T11:39:48","slug":"edital-de-convocacao-dos-orgaos-colegiados-da-jusprev","status":"publish","type":"post","link":"https:\/\/jusprev.org.br\/backup\/edital-de-convocacao-dos-orgaos-colegiados-da-jusprev\/","title":{"rendered":"EDITAL DE CONVOCA\u00c7\u00c3O DOS \u00d3RG\u00c3OS COLEGIADOS DA JUSPREV"},"content":{"rendered":"<p style=\"text-align: justify;\">O Presidente do Conselho Deliberativo, Luiz Antonio Ferreira de Ara\u00fajo, fazendo uso de suas atribui\u00e7\u00f5es estatut\u00e1rias, convoca os integrantes do Col\u00e9gio de\u00a0Instituidoras, do Conselho Deliberativo, do Conselho Fiscal e da Diretoria Executiva para se reunirem no dia 13\/12\/2013, sexta-feira, \u00e0s 14 horas, na sede da\u00a0Associa\u00e7\u00e3o dos Procuradores do Estado do Paran\u00e1 \u2013 APEP, localizada na Rua Desembargador Hugo Simas, n.\u00ba 915 \u2013 Bom Retiro \u2013 Curitiba\/PR, para discuss\u00e3o e\u00a0delibera\u00e7\u00e3o acerca de assuntos de suas compet\u00eancias.<\/p>\n<p><a href=\"https:\/\/jusprev.org.br\/backup\/wp-content\/uploads\/2013\/11\/Edital-Convoca\u00e7\u00e3o-\u00d3rg\u00e3os-Colegiados-13-12-2013.pdf\">Acesse aqui o Edital.<\/a><\/p>\n<p>&nbsp;<\/p>\n<p>&nbsp;<\/p>\n","protected":false},"excerpt":{"rendered":"<p>O Presidente do Conselho Deliberativo, Luiz Antonio Ferreira de Ara\u00fajo, fazendo uso de suas atribui\u00e7\u00f5es estatut\u00e1rias, convoca os integrantes do Col\u00e9gio de\u00a0Instituidoras, do Conselho Deliberativo, do Conselho Fiscal e da&#8230;<\/p>\n","protected":false},"author":4,"featured_media":0,"comment_status":"closed","ping_status":"closed","sticky":false,"template":"","format":"standard","meta":{"footnotes":""},"categories":[31],"tags":[],"class_list":["post-7522","post","type-post","status-publish","format-standard","hentry","category-noticias"],"_links":{"self":[{"href":"https:\/\/jusprev.org.br\/backup\/wp-json\/wp\/v2\/posts\/7522","targetHints":{"allow":["GET"]}}],"collection":[{"href":"https:\/\/jusprev.org.br\/backup\/wp-json\/wp\/v2\/posts"}],"about":[{"href":"https:\/\/jusprev.org.br\/backup\/wp-json\/wp\/v2\/types\/post"}],"author":[{"embeddable":true,"href":"https:\/\/jusprev.org.br\/backup\/wp-json\/wp\/v2\/users\/4"}],"replies":[{"embeddable":true,"href":"https:\/\/jusprev.org.br\/backup\/wp-json\/wp\/v2\/comments?post=7522"}],"version-history":[{"count":0,"href":"https:\/\/jusprev.org.br\/backup\/wp-json\/wp\/v2\/posts\/7522\/revisions"}],"wp:attachment":[{"href":"https:\/\/jusprev.org.br\/backup\/wp-json\/wp\/v2\/media?parent=7522"}],"wp:term":[{"taxonomy":"category","embeddable":true,"href":"https:\/\/jusprev.org.br\/backup\/wp-json\/wp\/v2\/categories?post=7522"},{"taxonomy":"post_tag","embeddable":true,"href":"https:\/\/jusprev.org.br\/backup\/wp-json\/wp\/v2\/tags?post=7522"}],"curies":[{"name":"wp","href":"https:\/\/api.w.org\/{rel}","templated":true}]}}