{"id":7531,"date":"2013-11-21T10:25:05","date_gmt":"2013-11-21T12:25:05","guid":{"rendered":"https:\/\/jusprev.org.br\/backup\/?p=7531"},"modified":"2013-11-21T10:25:05","modified_gmt":"2013-11-21T12:25:05","slug":"economia-promete-ano-atipico-para-2014","status":"publish","type":"post","link":"https:\/\/jusprev.org.br\/backup\/economia-promete-ano-atipico-para-2014\/","title":{"rendered":"Economia promete ano at\u00edpico para 2014"},"content":{"rendered":"<p style=\"text-align: justify;\">Os executivos dos principais fundos de pens\u00e3o do Estado se reuniram para avaliar o cen\u00e1rio econ\u00f4mico para o ano de 2014, com o chefe de Economia e Estrat\u00e9gia do HSBC Global Asset Management, Eduardo Jarra, em Curitiba. O evento ocorreu por meio de uma parceria da Associa\u00e7\u00e3o dos Fundos de Pens\u00e3o do Paran\u00e1 (Previpar) e o HSBC Global Asset Management.<\/p>\n<p style=\"text-align: justify;\">Para o diretor da Previpar, Luiz Lemos Meira, o ano de 2014 promete ser um ano dif\u00edcil para a economia, por conta uma quantidade de eventos at\u00edpicos, como a realiza\u00e7\u00e3o da Copa do Mundo e as elei\u00e7\u00f5es presidenciais. \u201cEstamos chegando ao final do ano, ent\u00e3o, entendemos ser um bom momento para promover o debate com os nossos associados sobre o cen\u00e1rio global econ\u00f4mico e financeiro\u201d, disse.<\/p>\n<p style=\"text-align: justify;\">\u201cNo momento em que estamos fechando os or\u00e7amentos e planejamentos, do pr\u00f3ximo ano, precisamos entender ao m\u00e1ximo as possibilidades de como a economia vai se comportar, quais s\u00e3o os componentes que devem guia-la no per\u00edodo e, principalmente, ter uma vis\u00e3o mais clara dos riscos e oportunidades que teremos\u201d, frisou Meira.<\/p>\n<p style=\"text-align: justify;\">Segundo Jarra, a economia global est\u00e1 em um momento de transi\u00e7\u00e3o. Para ele, haver\u00e1 ajustes na pol\u00edtica monet\u00e1ria dos EUA e a China deve crescer menos, por\u00e9m, para ele, a velocidade dessa transi\u00e7\u00e3o mundial ainda \u00e9 um ponto de interroga\u00e7\u00e3o entre os especialistas. \u201cNo mercado brasileiro vamos acabar importando a volatilidade para os ativos locais, provenientes do cen\u00e1rio mundial e haver\u00e1 muitas discuss\u00f5es sobre o ano p\u00f3s-elei\u00e7\u00e3o, por conta do futuro do panorama econ\u00f4mico\u201d, explicou Jarra. \u201cTeremos um ano de oscila\u00e7\u00f5es e esse \u00e9 o grande desafio dos investidores, que ter\u00e3o que se posicionar em um ano no qual n\u00e3o temos uma tend\u00eancia muito clara para os ativos financeiros\u201d, refor\u00e7ou.<\/p>\n<p style=\"text-align: justify;\">Ainda segundo o especialista, a tend\u00eancia \u00e9 de que no Brasil a infla\u00e7\u00e3o continue alta e, por conta de todos os fatores macroecon\u00f4micos, todos dever\u00e3o diversificar os investimentos. \u201c\u00c9 preciso que o investidor saiba claramente seu perfil (arrojado, moderado ou conservador) para fazer as escolhas certas\u201d, frisou.<\/p>\n<p style=\"text-align: justify;\"><a style=\"font-size: 13px;\" href=\"http:\/\/fonte:%20www.assprevisite.com.br\/\">fonte: www.assprevisite.com.br<\/a><\/p>\n","protected":false},"excerpt":{"rendered":"<p>Os executivos dos principais fundos de pens\u00e3o do Estado se reuniram para avaliar o cen\u00e1rio econ\u00f4mico para o ano de 2014, com o chefe de Economia e Estrat\u00e9gia do HSBC&#8230;<\/p>\n","protected":false},"author":4,"featured_media":0,"comment_status":"closed","ping_status":"closed","sticky":false,"template":"","format":"standard","meta":{"footnotes":""},"categories":[31],"tags":[],"class_list":["post-7531","post","type-post","status-publish","format-standard","hentry","category-noticias"],"_links":{"self":[{"href":"https:\/\/jusprev.org.br\/backup\/wp-json\/wp\/v2\/posts\/7531","targetHints":{"allow":["GET"]}}],"collection":[{"href":"https:\/\/jusprev.org.br\/backup\/wp-json\/wp\/v2\/posts"}],"about":[{"href":"https:\/\/jusprev.org.br\/backup\/wp-json\/wp\/v2\/types\/post"}],"author":[{"embeddable":true,"href":"https:\/\/jusprev.org.br\/backup\/wp-json\/wp\/v2\/users\/4"}],"replies":[{"embeddable":true,"href":"https:\/\/jusprev.org.br\/backup\/wp-json\/wp\/v2\/comments?post=7531"}],"version-history":[{"count":0,"href":"https:\/\/jusprev.org.br\/backup\/wp-json\/wp\/v2\/posts\/7531\/revisions"}],"wp:attachment":[{"href":"https:\/\/jusprev.org.br\/backup\/wp-json\/wp\/v2\/media?parent=7531"}],"wp:term":[{"taxonomy":"category","embeddable":true,"href":"https:\/\/jusprev.org.br\/backup\/wp-json\/wp\/v2\/categories?post=7531"},{"taxonomy":"post_tag","embeddable":true,"href":"https:\/\/jusprev.org.br\/backup\/wp-json\/wp\/v2\/tags?post=7531"}],"curies":[{"name":"wp","href":"https:\/\/api.w.org\/{rel}","templated":true}]}}