{"id":7553,"date":"2013-12-03T11:14:19","date_gmt":"2013-12-03T13:14:19","guid":{"rendered":"https:\/\/jusprev.org.br\/backup\/?p=7553"},"modified":"2013-12-03T11:14:19","modified_gmt":"2013-12-03T13:14:19","slug":"maior-expectativa-de-vida-reduz-aposentadoria","status":"publish","type":"post","link":"https:\/\/jusprev.org.br\/backup\/maior-expectativa-de-vida-reduz-aposentadoria\/","title":{"rendered":"Maior expectativa de vida reduz aposentadoria"},"content":{"rendered":"<p style=\"text-align: justify;\">Com o aumento da expectativa de vida do brasileiro, haver\u00e1 uma redu\u00e7\u00e3o m\u00e9dia de 1,67% no benef\u00edcio do trabalhador que se aposentar por tempo de contribui\u00e7\u00e3o. De acordo com os dados da t\u00e1bua de mortalidade projetada para o ano de 2012, divulgada hoje pelo IBGE (Instituto Brasileiro de Geografia e Estat\u00edstica), a expectativa de vida ao nascer passou de 74,1 anos, em 2011, para 74,6 anos, com acr\u00e9scimo de 5 meses e 12 dias.<\/p>\n<div id=\"texto\">\n<p style=\"text-align: justify;\">A diminui\u00e7\u00e3o se deve ao fator previdenci\u00e1rio, mecanismo utilizado pelo INSS (Instituto Nacional do Seguro Social) para tentar adiar a aposentadoria dos trabalhadores mais jovens, penalizando quem se aposenta mais cedo, j\u00e1 que esse segurado, teoricamente, vai receber o benef\u00edcio por mais tempo.<\/p>\n<p style=\"text-align: justify;\">O c\u00e1lculo leva em conta a idade ao se aposentar, o tempo de contribui\u00e7\u00e3o para a Previd\u00eancia Social e a expectativa de sobrevida, ou seja, quanto tempo o trabalhador deve viver a mais considerando a idade que tem agora. A nova tabela do fator previdenci\u00e1rio vale at\u00e9 30 de novembro de 2014.<\/p>\n<p style=\"text-align: justify;\">Newton Conde, atu\u00e1rio especializado em previd\u00eancia, diretor da Conde Consultoria e professor da Fipecafi-FEA USP, estima que, no per\u00edodo de idade em que se concedem aposentadorias, dos 40 aos 80 anos, a expectativa de vida dos segurados aumentou, em m\u00e9dia, 144 dias entre 2011 e 2012, que corresponde a uma perda m\u00e9dia de 1,67%. Com isso, para manter o mesmo benef\u00edcio que conseguiria ao fazer o pedido em novembro, a solicita\u00e7\u00e3o deve ser adiada de dezembro para abril de 2014.<\/p>\n<p style=\"text-align: justify;\"><strong>Regras<\/strong><\/p>\n<p style=\"text-align: justify;\">Para se aposentar por tempo de contribui\u00e7\u00e3o, o homem deve comprovar pelo menos 35 anos e a mulher, 30.<\/p>\n<p style=\"text-align: justify;\">J\u00e1 para se aposentar por idade, \u00e9 necess\u00e1rio ter, no m\u00ednimo, 65 anos (homens) e 60 anos (mulher). Nesse caso, o uso do fator previdenci\u00e1rio no c\u00e1lculo do valor da aposentadoria \u00e9 opcional, s\u00f3 sendo usado, portanto, se for beneficiar o trabalhador. O mecanismo n\u00e3o \u00e9 usado na aposentadoria por invalidez nem na aposentadoria especial.<\/p>\n<p style=\"text-align: justify;\">Pela t\u00e1bua de 2011, a expectativa de vida de um homem de 57 anos, por exemplo, era de 23,50 anos. Na t\u00e1bua em vigor atualmente passou para 23,90. Com isso, a Previd\u00eancia pagar\u00e1 o benef\u00edcio para esse segurado at\u00e9 os 80,90 anos e n\u00e3o mais 80,50, o que representa um aumento de 143 dias no desembolso do governo federal.<\/p>\n<p style=\"text-align: justify;\">Se esse homem tiver come\u00e7ado a contribuir com 20 anos ter\u00e1 um fator de 0,8085, n\u00famero que vai multiplicar o sal\u00e1rio de benef\u00edcio (m\u00e9dia dos 80% maiores sal\u00e1rios de contribui\u00e7\u00e3o ao INSS). Se esse montante for de R$ 2.000, a aposentadoria ser\u00e1 de R$ 1.617,06. Anteriormente, chegaria a R$ 1.644,58.<\/p>\n<p style=\"text-align: justify;\"><span style=\"text-decoration: underline;\"><a href=\"http:\/\/www.correiodoestado.com.br\/\">fonte: www.correiodoestado.com.b<\/a>r<\/span><\/p>\n<\/div>\n","protected":false},"excerpt":{"rendered":"<p>Com o aumento da expectativa de vida do brasileiro, haver\u00e1 uma redu\u00e7\u00e3o m\u00e9dia de 1,67% no benef\u00edcio do trabalhador que se aposentar por tempo de contribui\u00e7\u00e3o. De acordo com os&#8230;<\/p>\n","protected":false},"author":4,"featured_media":0,"comment_status":"closed","ping_status":"closed","sticky":false,"template":"","format":"standard","meta":{"footnotes":""},"categories":[31],"tags":[],"class_list":["post-7553","post","type-post","status-publish","format-standard","hentry","category-noticias"],"_links":{"self":[{"href":"https:\/\/jusprev.org.br\/backup\/wp-json\/wp\/v2\/posts\/7553","targetHints":{"allow":["GET"]}}],"collection":[{"href":"https:\/\/jusprev.org.br\/backup\/wp-json\/wp\/v2\/posts"}],"about":[{"href":"https:\/\/jusprev.org.br\/backup\/wp-json\/wp\/v2\/types\/post"}],"author":[{"embeddable":true,"href":"https:\/\/jusprev.org.br\/backup\/wp-json\/wp\/v2\/users\/4"}],"replies":[{"embeddable":true,"href":"https:\/\/jusprev.org.br\/backup\/wp-json\/wp\/v2\/comments?post=7553"}],"version-history":[{"count":0,"href":"https:\/\/jusprev.org.br\/backup\/wp-json\/wp\/v2\/posts\/7553\/revisions"}],"wp:attachment":[{"href":"https:\/\/jusprev.org.br\/backup\/wp-json\/wp\/v2\/media?parent=7553"}],"wp:term":[{"taxonomy":"category","embeddable":true,"href":"https:\/\/jusprev.org.br\/backup\/wp-json\/wp\/v2\/categories?post=7553"},{"taxonomy":"post_tag","embeddable":true,"href":"https:\/\/jusprev.org.br\/backup\/wp-json\/wp\/v2\/tags?post=7553"}],"curies":[{"name":"wp","href":"https:\/\/api.w.org\/{rel}","templated":true}]}}