{"id":7560,"date":"2013-12-10T12:19:43","date_gmt":"2013-12-10T14:19:43","guid":{"rendered":"https:\/\/jusprev.org.br\/backup\/?p=7560"},"modified":"2013-12-10T12:19:43","modified_gmt":"2013-12-10T14:19:43","slug":"jusprev-uniao-de-forcas-a-favor-da-educacao-previdenciaria","status":"publish","type":"post","link":"https:\/\/jusprev.org.br\/backup\/jusprev-uniao-de-forcas-a-favor-da-educacao-previdenciaria\/","title":{"rendered":"JUSPREV: UNI\u00c3O DE FOR\u00c7AS A FAVOR DA EDUCA\u00c7\u00c3O PREVIDENCI\u00c1RIA"},"content":{"rendered":"<p style=\"text-align: justify;\">Em entrevista para TV ABRAPP o Diretor Jur\u00eddico e de Benef\u00edcios da JUSPREV, Vanderley Jos\u00e9 Ma\u00e7aneiro, explica as barreiras \u00e0 expans\u00e3o da Educa\u00e7\u00e3o Previdenci\u00e1ria no Brasil. A uni\u00e3o de trabalhadores e empregadores neste trabalho ser\u00e1 determinante na conquista desse desafio. Assista o v\u00eddeo, clicando no link abaixo.<\/p>\n<p style=\"text-align: justify;\"><a href=\"http:\/\/www.youtube.com\/watch?v=0NpLQpMywCY\">http:\/\/www.youtube.com\/watch?v=0NpLQpMywCY<\/a><\/p>\n","protected":false},"excerpt":{"rendered":"<p>Em entrevista para TV ABRAPP o Diretor Jur\u00eddico e de Benef\u00edcios da JUSPREV, Vanderley Jos\u00e9 Ma\u00e7aneiro, explica as barreiras \u00e0 expans\u00e3o da Educa\u00e7\u00e3o Previdenci\u00e1ria no Brasil. A uni\u00e3o de trabalhadores&#8230;<\/p>\n","protected":false},"author":4,"featured_media":0,"comment_status":"closed","ping_status":"closed","sticky":false,"template":"","format":"standard","meta":{"footnotes":""},"categories":[31],"tags":[],"class_list":["post-7560","post","type-post","status-publish","format-standard","hentry","category-noticias"],"_links":{"self":[{"href":"https:\/\/jusprev.org.br\/backup\/wp-json\/wp\/v2\/posts\/7560","targetHints":{"allow":["GET"]}}],"collection":[{"href":"https:\/\/jusprev.org.br\/backup\/wp-json\/wp\/v2\/posts"}],"about":[{"href":"https:\/\/jusprev.org.br\/backup\/wp-json\/wp\/v2\/types\/post"}],"author":[{"embeddable":true,"href":"https:\/\/jusprev.org.br\/backup\/wp-json\/wp\/v2\/users\/4"}],"replies":[{"embeddable":true,"href":"https:\/\/jusprev.org.br\/backup\/wp-json\/wp\/v2\/comments?post=7560"}],"version-history":[{"count":0,"href":"https:\/\/jusprev.org.br\/backup\/wp-json\/wp\/v2\/posts\/7560\/revisions"}],"wp:attachment":[{"href":"https:\/\/jusprev.org.br\/backup\/wp-json\/wp\/v2\/media?parent=7560"}],"wp:term":[{"taxonomy":"category","embeddable":true,"href":"https:\/\/jusprev.org.br\/backup\/wp-json\/wp\/v2\/categories?post=7560"},{"taxonomy":"post_tag","embeddable":true,"href":"https:\/\/jusprev.org.br\/backup\/wp-json\/wp\/v2\/tags?post=7560"}],"curies":[{"name":"wp","href":"https:\/\/api.w.org\/{rel}","templated":true}]}}