{"id":7564,"date":"2013-12-10T12:43:58","date_gmt":"2013-12-10T14:43:58","guid":{"rendered":"https:\/\/jusprev.org.br\/backup\/?p=7564"},"modified":"2013-12-10T12:43:58","modified_gmt":"2013-12-10T14:43:58","slug":"futuro-tranquilo","status":"publish","type":"post","link":"https:\/\/jusprev.org.br\/backup\/futuro-tranquilo\/","title":{"rendered":"Futuro Tranquilo"},"content":{"rendered":"<p style=\"text-align: justify;\">O teto da aposentadoria pelo INSS (Instituto Nacional de Seguridade Social) caiu em torno de 70% em 40 anos: equivalia a 20 sal\u00e1rios m\u00ednimos na d\u00e9cada de 1970, e hoje \u00e9 de apenas 6,1 (R$ 4.157,05). Com o envelhecimento da popula\u00e7\u00e3o, a expectativa \u00e9 que o teto caia ainda mais nos pr\u00f3ximos anos.<\/p>\n<p style=\"text-align: justify;\">Ainda assim, apenas 5% dos brasileiros se preocupam em complementar os ganhos da previd\u00eancia social com um plano de previd\u00eancia privada, apontou um estudo da Serasa Experian, divulgado no in\u00edcio do m\u00eas. Quase metade da popula\u00e7\u00e3o (48%) simplesmente n\u00e3o faz qualquer reserva para o futuro, enquanto 42% colocam todos os ovos na mesma cesta: aplicam apenas no INSS, revelou o estudo.<\/p>\n<p style=\"text-align: justify;\">Para o consultor financeiro Mauro Calil, \u00e9 importante ter um plano de previd\u00eancia privada para complementar o INSS, mas n\u00e3o se deve descarregar todas as esperan\u00e7as nele. \u201cSozinho, ele n\u00e3o vai garantir o futuro. Por isso \u00e9 chamado de aposentadoria complementar, e n\u00e3o completa\u201d, adverte.<\/p>\n<p style=\"text-align: justify;\">Quanto mais cedo for planejada, mais f\u00e1cil ser\u00e1 a constru\u00e7\u00e3o de um patrim\u00f4nio para o futuro. O ideal \u00e9 que o prazo para o resgate do capital seja maior do que 20 anos. Abaixo disto, ser\u00e1 preciso entrar com um aporte bem maior, para compensar o tempo perdido. \u201cEm menos de dez anos \u00e9 imposs\u00edvel formar um patrim\u00f4nio consider\u00e1vel para o futuro\u201d, alerta Calil.<\/p>\n<p style=\"text-align: justify;\">O investimento pode ser diversificado, para aumentar a seguran\u00e7a, apontam analistas. \u00c9 poss\u00edvel montar uma carteira de longo prazo investindo em v\u00e1rios ativos. Se o investidor for disciplinado, ele pode formar seu patrim\u00f4nio por conta pr\u00f3pria, sem a ajuda de um intermedi\u00e1rio. J\u00e1 os mais descontrolados financeiramente podem recorrer a um profissional para orient\u00e1-los sobre as melhores formas de investir.<\/p>\n<p style=\"text-align: justify;\">fonte:\u00a0<a href=\"http:\/\/www.correiodemocratico.com.br\/\">www.correiodemocratico.com.br<\/a><\/p>\n","protected":false},"excerpt":{"rendered":"<p>O teto da aposentadoria pelo INSS (Instituto Nacional de Seguridade Social) caiu em torno de 70% em 40 anos: equivalia a 20 sal\u00e1rios m\u00ednimos na d\u00e9cada de 1970, e hoje&#8230;<\/p>\n","protected":false},"author":4,"featured_media":0,"comment_status":"closed","ping_status":"closed","sticky":false,"template":"","format":"standard","meta":{"footnotes":""},"categories":[31],"tags":[],"class_list":["post-7564","post","type-post","status-publish","format-standard","hentry","category-noticias"],"_links":{"self":[{"href":"https:\/\/jusprev.org.br\/backup\/wp-json\/wp\/v2\/posts\/7564","targetHints":{"allow":["GET"]}}],"collection":[{"href":"https:\/\/jusprev.org.br\/backup\/wp-json\/wp\/v2\/posts"}],"about":[{"href":"https:\/\/jusprev.org.br\/backup\/wp-json\/wp\/v2\/types\/post"}],"author":[{"embeddable":true,"href":"https:\/\/jusprev.org.br\/backup\/wp-json\/wp\/v2\/users\/4"}],"replies":[{"embeddable":true,"href":"https:\/\/jusprev.org.br\/backup\/wp-json\/wp\/v2\/comments?post=7564"}],"version-history":[{"count":0,"href":"https:\/\/jusprev.org.br\/backup\/wp-json\/wp\/v2\/posts\/7564\/revisions"}],"wp:attachment":[{"href":"https:\/\/jusprev.org.br\/backup\/wp-json\/wp\/v2\/media?parent=7564"}],"wp:term":[{"taxonomy":"category","embeddable":true,"href":"https:\/\/jusprev.org.br\/backup\/wp-json\/wp\/v2\/categories?post=7564"},{"taxonomy":"post_tag","embeddable":true,"href":"https:\/\/jusprev.org.br\/backup\/wp-json\/wp\/v2\/tags?post=7564"}],"curies":[{"name":"wp","href":"https:\/\/api.w.org\/{rel}","templated":true}]}}