{"id":7576,"date":"2013-12-11T09:42:49","date_gmt":"2013-12-11T11:42:49","guid":{"rendered":"https:\/\/jusprev.org.br\/backup\/?p=7576"},"modified":"2013-12-11T09:42:49","modified_gmt":"2013-12-11T11:42:49","slug":"voce-ja-pensou-na-sua-aposentadoria-hoje","status":"publish","type":"post","link":"https:\/\/jusprev.org.br\/backup\/voce-ja-pensou-na-sua-aposentadoria-hoje\/","title":{"rendered":"Voc\u00ea j\u00e1 pensou na sua aposentadoria hoje?"},"content":{"rendered":"<p style=\"text-align: justify;\">Vivemos em uma sociedade que valoriza conquistas de curto prazo. Talvez seja por isso que muitas pessoas conduzam suas carreiras como se o \u201cfuturo\u201d fosse algo muito distante. Digo isso porque \u00e9 muito comum ver profissionais que n\u00e3o planejam um caminho para alcan\u00e7ar o que tanto almejam.<\/p>\n<p style=\"text-align: justify;\">Nesse sentido, o que mais me preocupa \u00e9 n\u00e3o percebermos a falta que planejar nosso futuro faz e que isso representa muito mais do simplesmente \u201cser cauteloso\u201d ou \u201cpensar demais sobre algo\u201d. \u00c9 uma quest\u00e3o de querer se preparar para que as coisas aconte\u00e7am. \u00c9 uma quest\u00e3o de atitude. Se n\u00e3o olh\u00e1ssemos tanto para o presente, muito provavelmente estar\u00edamos menos insatisfeitos com alguns detalhes da nossa realidade atual. Sal\u00e1rio, benef\u00edcio x ou y, etc. Digo detalhe porque se nos distanciarmos um pouco e olharmos adiante, veremos que s\u00e3o pe\u00e7as de um tabuleiro cujo percurso \u00e9 determinado por n\u00f3s. Como mudar as pe\u00e7as de lugar? Com muito planejamento. Se seu objetivo \u00e9 claro, o neg\u00f3cio \u00e9 trabalhar antecipadamente e desenhar todo o caminho.<\/p>\n<p style=\"text-align: justify;\">Planejar a carreira \u00e9 importante em qualquer momento da vida, mesmo que voc\u00ea j\u00e1 esteja no mercado h\u00e1 um tempo. \u00a0Se esse for o seu caso, sugiro que pare um pouco sua rotina e reflita sobre onde est\u00e1, onde quer chegar e a dist\u00e2ncia entre esses dois pontos. Parar e refletir agora ser\u00e1 muito melhor do que se frustrar l\u00e1 na frente.<\/p>\n<p style=\"text-align: justify;\">Meu objetivo aqui hoje n\u00e3o \u00e9 dizer como fazer um planejamento de carreira, at\u00e9 porque existem literaturas,\u00a0plataformas digitais\u00a0e especialistas em dar orienta\u00e7\u00f5es espec\u00edficas sobre o tema. Mas vou dar, por\u00e9m, algumas ideias de como \u00e9 poss\u00edvel iniciar o processo desde j\u00e1: pense nas atividades que te d\u00e3o satisfa\u00e7\u00e3o, liste suas prioridades, valorize o que voc\u00ea tem de melhor, considere alternativas para eventuais desafios e trace um plano de a\u00e7\u00e3o com as principais etapas. Mas fa\u00e7a isso tudo sempre com \u201cmargem de manobra\u201d, ou seja para n\u00e3o ficar engessado ou desconsiderar oportunidades interessantes que surjam pelo caminho.<\/p>\n<p style=\"text-align: justify;\">Ficar \u00e0 deriva no mundo do trabalho pode representar inclusive impactos financeiros, tirando o seu sossego durante a fase da t\u00e3o sonhada aposentadoria. Para poder usufruir de tudo o que plantou em sua vida profissional, h\u00e1 de se planejar e muito\u2026. Ou seja, continuar pensando somente no curto prazo, poder\u00e1 fazer com que voc\u00ea tenha que trabalhar muito mais do que imaginou ou, pior, do que ter\u00e1 condi\u00e7\u00f5es de. Para evitar dores de cabe\u00e7a que n\u00e3o s\u00e3o mut\u00e1veis na linha de chegada, melhor pensar bem no percurso, tomando as r\u00e9deas e se apropriando das decis\u00f5es \u201ccasa \u00e0 casa\u201d.<\/p>\n<p style=\"text-align: justify;\">\n<p style=\"text-align: justify;\">fonte:\u00a0<a href=\"http:\/\/exame.abril.com.br\/\">exame.abril.com.br<\/a><\/p>\n","protected":false},"excerpt":{"rendered":"<p>Vivemos em uma sociedade que valoriza conquistas de curto prazo. Talvez seja por isso que muitas pessoas conduzam suas carreiras como se o \u201cfuturo\u201d fosse algo muito distante. Digo isso&#8230;<\/p>\n","protected":false},"author":4,"featured_media":0,"comment_status":"closed","ping_status":"closed","sticky":false,"template":"","format":"standard","meta":{"footnotes":""},"categories":[31],"tags":[],"class_list":["post-7576","post","type-post","status-publish","format-standard","hentry","category-noticias"],"_links":{"self":[{"href":"https:\/\/jusprev.org.br\/backup\/wp-json\/wp\/v2\/posts\/7576","targetHints":{"allow":["GET"]}}],"collection":[{"href":"https:\/\/jusprev.org.br\/backup\/wp-json\/wp\/v2\/posts"}],"about":[{"href":"https:\/\/jusprev.org.br\/backup\/wp-json\/wp\/v2\/types\/post"}],"author":[{"embeddable":true,"href":"https:\/\/jusprev.org.br\/backup\/wp-json\/wp\/v2\/users\/4"}],"replies":[{"embeddable":true,"href":"https:\/\/jusprev.org.br\/backup\/wp-json\/wp\/v2\/comments?post=7576"}],"version-history":[{"count":0,"href":"https:\/\/jusprev.org.br\/backup\/wp-json\/wp\/v2\/posts\/7576\/revisions"}],"wp:attachment":[{"href":"https:\/\/jusprev.org.br\/backup\/wp-json\/wp\/v2\/media?parent=7576"}],"wp:term":[{"taxonomy":"category","embeddable":true,"href":"https:\/\/jusprev.org.br\/backup\/wp-json\/wp\/v2\/categories?post=7576"},{"taxonomy":"post_tag","embeddable":true,"href":"https:\/\/jusprev.org.br\/backup\/wp-json\/wp\/v2\/tags?post=7576"}],"curies":[{"name":"wp","href":"https:\/\/api.w.org\/{rel}","templated":true}]}}