{"id":7584,"date":"2013-12-16T15:14:26","date_gmt":"2013-12-16T17:14:26","guid":{"rendered":"https:\/\/jusprev.org.br\/backup\/?p=7584"},"modified":"2013-12-16T15:14:26","modified_gmt":"2013-12-16T17:14:26","slug":"jusprev-realiza-reuniao-dos-orgaos-colegiados","status":"publish","type":"post","link":"https:\/\/jusprev.org.br\/backup\/jusprev-realiza-reuniao-dos-orgaos-colegiados\/","title":{"rendered":"JUSPREV realiza reuni\u00e3o dos \u00d3rg\u00e3os Colegiados"},"content":{"rendered":"<p style=\"text-align: justify;\"><a href=\"https:\/\/jusprev.org.br\/backup\/wp-content\/uploads\/2013\/12\/2.jpg\"><img loading=\"lazy\" decoding=\"async\" class=\" wp-image-7585 alignleft\" alt=\"2\" src=\"https:\/\/jusprev.org.br\/backup\/wp-content\/uploads\/2013\/12\/2.jpg\" width=\"336\" height=\"221\" \/><\/a>Integrantes do Col\u00e9gio de Instituidoras, do Conselho Deliberativo, Conselho Fiscal e a Diretoria Executiva da JUSPREV se reunirem na \u00faltima sexta-feira (13), na sede da Associa\u00e7\u00e3o dos Procuradores do Estado do Paran\u00e1 \u2013 APEP, em Curitiba, para discuss\u00e3o e delibera\u00e7\u00e3o acerca de assuntos de suas compet\u00eancias.<\/p>\n<p style=\"text-align: justify;\">O destaque da reuni\u00e3o foi a explana\u00e7\u00e3o sobre o fundo JUSPREV, e as expectativas e estrat\u00e9gias para 2014, apresentadas pelas assets respons\u00e1veis pela gest\u00e3o dos investimentos, BRAM &#8211; Bradesco Asset Management e DLM Invista Asset Management. Ap\u00f3s a Aditus Consultoria, representada por seu s\u00f3cio fundador Guilherme Benites, explanou sobre os riscos de investimentos, realizando uma an\u00e1lise das estrat\u00e9gias dos gestores e apresentou, ainda, a pol\u00edtica de Investimentos para o exerc\u00edcio de 2014.<\/p>\n<p style=\"text-align: justify;\">Os demais assuntos discutidos foram o plano de custeio e o or\u00e7amento anual para o exerc\u00edcio de 2014, apresentados pelo Diretor da DATA A Consultoria Tuln\u00ea Vieira, as a\u00e7\u00f5es e estrat\u00e9gias de comercializa\u00e7\u00e3o para 2014 realizadas pela parceira estrat\u00e9gica Mongeral Aegon, apresenta\u00e7\u00e3o do Programa de Educa\u00e7\u00e3o Financeira e Previdenci\u00e1ria da JUSPREV e a\u00a0 apresenta\u00e7\u00e3o do CRM &#8211; Sistema de Gerenciamento de Participantes e Potenciais da JUSPREV.<\/p>\n<p style=\"text-align: justify;\">\n","protected":false},"excerpt":{"rendered":"<p>Integrantes do Col\u00e9gio de Instituidoras, do Conselho Deliberativo, Conselho Fiscal e a Diretoria Executiva da JUSPREV se reunirem na \u00faltima sexta-feira (13), na sede da Associa\u00e7\u00e3o dos Procuradores do Estado&#8230;<\/p>\n","protected":false},"author":4,"featured_media":0,"comment_status":"closed","ping_status":"closed","sticky":false,"template":"","format":"standard","meta":{"footnotes":""},"categories":[31],"tags":[],"class_list":["post-7584","post","type-post","status-publish","format-standard","hentry","category-noticias"],"_links":{"self":[{"href":"https:\/\/jusprev.org.br\/backup\/wp-json\/wp\/v2\/posts\/7584","targetHints":{"allow":["GET"]}}],"collection":[{"href":"https:\/\/jusprev.org.br\/backup\/wp-json\/wp\/v2\/posts"}],"about":[{"href":"https:\/\/jusprev.org.br\/backup\/wp-json\/wp\/v2\/types\/post"}],"author":[{"embeddable":true,"href":"https:\/\/jusprev.org.br\/backup\/wp-json\/wp\/v2\/users\/4"}],"replies":[{"embeddable":true,"href":"https:\/\/jusprev.org.br\/backup\/wp-json\/wp\/v2\/comments?post=7584"}],"version-history":[{"count":0,"href":"https:\/\/jusprev.org.br\/backup\/wp-json\/wp\/v2\/posts\/7584\/revisions"}],"wp:attachment":[{"href":"https:\/\/jusprev.org.br\/backup\/wp-json\/wp\/v2\/media?parent=7584"}],"wp:term":[{"taxonomy":"category","embeddable":true,"href":"https:\/\/jusprev.org.br\/backup\/wp-json\/wp\/v2\/categories?post=7584"},{"taxonomy":"post_tag","embeddable":true,"href":"https:\/\/jusprev.org.br\/backup\/wp-json\/wp\/v2\/tags?post=7584"}],"curies":[{"name":"wp","href":"https:\/\/api.w.org\/{rel}","templated":true}]}}