{"id":7589,"date":"2013-12-16T15:28:02","date_gmt":"2013-12-16T17:28:02","guid":{"rendered":"https:\/\/jusprev.org.br\/backup\/?p=7589"},"modified":"2013-12-16T15:28:02","modified_gmt":"2013-12-16T17:28:02","slug":"conselho-fiscal-realiza-a-ultima-reuniao-de-2013","status":"publish","type":"post","link":"https:\/\/jusprev.org.br\/backup\/conselho-fiscal-realiza-a-ultima-reuniao-de-2013\/","title":{"rendered":"Conselho Fiscal realiza a \u00faltima reuni\u00e3o de 2013"},"content":{"rendered":"<p style=\"text-align: justify;\">A \u00faltima reuni\u00e3o no ano de 2013 do Conselho Fiscal da JUSPREV, aconteceu no dia 13 de dezembro na sede da entidade, em Curitiba. Estiveram presentes a presidenta do conselho fiscal Dra. Vera Grace Paranagu\u00e1 Cunha, os conselheiros efetivos Dr. Ot\u00f4nio Ribeiro Furtado e Dr. Wilson Jos\u00e9 Galheira, a conselheira suplente Dra. Ana L\u00facia Louren\u00e7o, a gerente geral da JUSPREV Deborah Traldi Maggio e o Analista Financeiro Allan Nogueira.<\/p>\n<p style=\"text-align: justify;\">Na ocasi\u00e3o os integrantes do conselho fiscal aprovaram as contas de outubro e novembro de 2013, analisaram o acompanhamento da pol\u00edtica de investimentos referente ao 3\u00ba trimestre do ano e realizaram a confec\u00e7\u00e3o do Relat\u00f3rio de Manifesta\u00e7\u00e3o do Conselho Fiscal.<\/p>\n","protected":false},"excerpt":{"rendered":"<p>A \u00faltima reuni\u00e3o no ano de 2013 do Conselho Fiscal da JUSPREV, aconteceu no dia 13 de dezembro na sede da entidade, em Curitiba. Estiveram presentes a presidenta do conselho&#8230;<\/p>\n","protected":false},"author":4,"featured_media":0,"comment_status":"closed","ping_status":"closed","sticky":false,"template":"","format":"standard","meta":{"footnotes":""},"categories":[31],"tags":[],"class_list":["post-7589","post","type-post","status-publish","format-standard","hentry","category-noticias"],"_links":{"self":[{"href":"https:\/\/jusprev.org.br\/backup\/wp-json\/wp\/v2\/posts\/7589","targetHints":{"allow":["GET"]}}],"collection":[{"href":"https:\/\/jusprev.org.br\/backup\/wp-json\/wp\/v2\/posts"}],"about":[{"href":"https:\/\/jusprev.org.br\/backup\/wp-json\/wp\/v2\/types\/post"}],"author":[{"embeddable":true,"href":"https:\/\/jusprev.org.br\/backup\/wp-json\/wp\/v2\/users\/4"}],"replies":[{"embeddable":true,"href":"https:\/\/jusprev.org.br\/backup\/wp-json\/wp\/v2\/comments?post=7589"}],"version-history":[{"count":0,"href":"https:\/\/jusprev.org.br\/backup\/wp-json\/wp\/v2\/posts\/7589\/revisions"}],"wp:attachment":[{"href":"https:\/\/jusprev.org.br\/backup\/wp-json\/wp\/v2\/media?parent=7589"}],"wp:term":[{"taxonomy":"category","embeddable":true,"href":"https:\/\/jusprev.org.br\/backup\/wp-json\/wp\/v2\/categories?post=7589"},{"taxonomy":"post_tag","embeddable":true,"href":"https:\/\/jusprev.org.br\/backup\/wp-json\/wp\/v2\/tags?post=7589"}],"curies":[{"name":"wp","href":"https:\/\/api.w.org\/{rel}","templated":true}]}}