{"id":7592,"date":"2013-12-16T18:15:03","date_gmt":"2013-12-16T20:15:03","guid":{"rendered":"https:\/\/jusprev.org.br\/backup\/?p=7592"},"modified":"2013-12-16T18:15:03","modified_gmt":"2013-12-16T20:15:03","slug":"jusprev-comemora-6-anos-com-jantar-de-confraternizacao","status":"publish","type":"post","link":"https:\/\/jusprev.org.br\/backup\/jusprev-comemora-6-anos-com-jantar-de-confraternizacao\/","title":{"rendered":"JUSPREV comemora 6 anos com jantar de confraterniza\u00e7\u00e3o"},"content":{"rendered":"<p style=\"text-align: justify;\">A JUSPREV realizou na \u00faltima sexta-feira (13) um jantar de confraterniza\u00e7\u00e3o, em comemora\u00e7\u00e3o aos 6 anos da entidade. O evento aconteceu no Restaurante Porcini Trattoria, em Curitiba, e contou com a participa\u00e7\u00e3o da diretoria executiva, integrantes dos \u00f3rg\u00e3os colegiados, parceiros, colaboradores e representantes do seu Col\u00e9gio de Instituidoras. A JUSPREV, \u00e9 a Previd\u00eancia Associativa exclusiva dos membros do Minist\u00e9rio P\u00fablico, da Justi\u00e7a Brasileira e dos Auditores Fiscais da Receita Federal do Brasil e est\u00e1 em pleno funcionamento desde 2008. A Entidade conta hoje com 56 Associa\u00e7\u00f5es Instituidoras o que demonstra em primeiro lugar a uni\u00e3o e a for\u00e7a associativa, a confian\u00e7a no projeto, a credibilidade nos \u00f3rg\u00e3os representativos e a responsabilidade perante os associados.<\/p>\n<p style=\"text-align: justify;\">As atribui\u00e7\u00f5es da JUSPREV s\u00e3o focadas principalmente na informa\u00e7\u00e3o e na conscientiza\u00e7\u00e3o do trabalhador quanto \u00e0 necessidade de planejar o futuro, objetivando a preserva\u00e7\u00e3o da condi\u00e7\u00e3o atual do padr\u00e3o de vida quando na aposenta\u00e7\u00e3o. Desse modo, a Entidade cria a oportunidade de uma cultura de poupan\u00e7a previdenci\u00e1ria com objetivo definido e de longo prazo, configurando-se como instrumento de responsabilidade social capacitado a responder ao desafio de garantir, na aposentadoria, uma renda justa.<\/p>\n<p style=\"text-align: justify;\">O jantar teve o apoio dos parceiros, BRAM &#8211; Bradesco Asset Management, DLM Invista Asset Management, Aditus Consultoria e Bristol Brasil 500 Hotel, na doa\u00e7\u00e3o de pr\u00eamios que foram sorteados entre os convidados presentes.<\/p>\n<pre style=\"text-align: justify;\"><\/pre>\n<p style=\"text-align: justify;\">\n<p style=\"text-align: justify;\">\u00a0 \u00a0 \u00a0 \u00a0 \u00a0 \u00a0 \u00a0 \u00a0\u00a0<a style=\"font-size: 13px;\" href=\"https:\/\/jusprev.org.br\/backup\/wp-content\/uploads\/2013\/12\/20131213_225024.jpg\"><img loading=\"lazy\" decoding=\"async\" class=\"alignnone  wp-image-7613\" alt=\"20131213_225024\" src=\"https:\/\/jusprev.org.br\/backup\/wp-content\/uploads\/2013\/12\/20131213_225024.jpg\" width=\"120\" height=\"76\" \/><\/a>\u00a0<a style=\"font-size: 13px;\" href=\"https:\/\/jusprev.org.br\/backup\/wp-content\/uploads\/2013\/12\/20131213_225210.jpg\"><img loading=\"lazy\" decoding=\"async\" class=\"alignnone  wp-image-7614\" alt=\"20131213_225210\" src=\"https:\/\/jusprev.org.br\/backup\/wp-content\/uploads\/2013\/12\/20131213_225210.jpg\" width=\"119\" height=\"76\" \/><\/a><span style=\"font-size: 13px;\">\u00a0\u00a0<\/span><a style=\"font-size: 13px;\" href=\"https:\/\/jusprev.org.br\/backup\/wp-content\/uploads\/2013\/12\/20131213_225319.jpg\"><img loading=\"lazy\" decoding=\"async\" class=\"alignnone  wp-image-7608\" alt=\"20131213_225319\" src=\"https:\/\/jusprev.org.br\/backup\/wp-content\/uploads\/2013\/12\/20131213_225319.jpg\" width=\"116\" height=\"77\" \/><\/a>\u00a0<span style=\"font-size: 13px;\">\u00a0<\/span><a style=\"font-size: 13px;\" href=\"https:\/\/jusprev.org.br\/backup\/wp-content\/uploads\/2013\/12\/20131213_225453.jpg\"><img loading=\"lazy\" decoding=\"async\" class=\"alignnone  wp-image-7609\" alt=\"20131213_225453\" src=\"https:\/\/jusprev.org.br\/backup\/wp-content\/uploads\/2013\/12\/20131213_225453.jpg\" width=\"114\" height=\"76\" \/><\/a><\/p>\n<p style=\"text-align: justify;\">\n<p style=\"text-align: justify;\">\n","protected":false},"excerpt":{"rendered":"<p>A JUSPREV realizou na \u00faltima sexta-feira (13) um jantar de confraterniza\u00e7\u00e3o, em comemora\u00e7\u00e3o aos 6 anos da entidade. O evento aconteceu no Restaurante Porcini Trattoria, em Curitiba, e contou com&#8230;<\/p>\n","protected":false},"author":4,"featured_media":0,"comment_status":"closed","ping_status":"closed","sticky":false,"template":"","format":"standard","meta":{"footnotes":""},"categories":[31],"tags":[],"class_list":["post-7592","post","type-post","status-publish","format-standard","hentry","category-noticias"],"_links":{"self":[{"href":"https:\/\/jusprev.org.br\/backup\/wp-json\/wp\/v2\/posts\/7592","targetHints":{"allow":["GET"]}}],"collection":[{"href":"https:\/\/jusprev.org.br\/backup\/wp-json\/wp\/v2\/posts"}],"about":[{"href":"https:\/\/jusprev.org.br\/backup\/wp-json\/wp\/v2\/types\/post"}],"author":[{"embeddable":true,"href":"https:\/\/jusprev.org.br\/backup\/wp-json\/wp\/v2\/users\/4"}],"replies":[{"embeddable":true,"href":"https:\/\/jusprev.org.br\/backup\/wp-json\/wp\/v2\/comments?post=7592"}],"version-history":[{"count":0,"href":"https:\/\/jusprev.org.br\/backup\/wp-json\/wp\/v2\/posts\/7592\/revisions"}],"wp:attachment":[{"href":"https:\/\/jusprev.org.br\/backup\/wp-json\/wp\/v2\/media?parent=7592"}],"wp:term":[{"taxonomy":"category","embeddable":true,"href":"https:\/\/jusprev.org.br\/backup\/wp-json\/wp\/v2\/categories?post=7592"},{"taxonomy":"post_tag","embeddable":true,"href":"https:\/\/jusprev.org.br\/backup\/wp-json\/wp\/v2\/tags?post=7592"}],"curies":[{"name":"wp","href":"https:\/\/api.w.org\/{rel}","templated":true}]}}