{"id":7633,"date":"2013-12-18T10:49:07","date_gmt":"2013-12-18T12:49:07","guid":{"rendered":"https:\/\/jusprev.org.br\/backup\/?p=7633"},"modified":"2013-12-18T10:49:07","modified_gmt":"2013-12-18T12:49:07","slug":"feriado-dia-19-de-dezembro","status":"publish","type":"post","link":"https:\/\/jusprev.org.br\/backup\/feriado-dia-19-de-dezembro\/","title":{"rendered":"Feriado dia 19 de dezembro"},"content":{"rendered":"<p>Informamos que em virtude do feriado de Emancipa\u00e7\u00e3o Pol\u00edtica do Paran\u00e1 , no dia 19 de dezembro, n\u00e3o haver\u00e1 expediente na JUSPREV.\u00a0Todos os servi\u00e7os ser\u00e3o inteiramente normalizados no dia 20 (sexta-feira).<\/p>\n","protected":false},"excerpt":{"rendered":"<p>Informamos que em virtude do feriado de Emancipa\u00e7\u00e3o Pol\u00edtica do Paran\u00e1 , no dia 19 de dezembro, n\u00e3o haver\u00e1 expediente na JUSPREV.\u00a0Todos os servi\u00e7os ser\u00e3o inteiramente normalizados no dia 20&#8230;<\/p>\n","protected":false},"author":4,"featured_media":0,"comment_status":"closed","ping_status":"closed","sticky":false,"template":"","format":"standard","meta":{"footnotes":""},"categories":[31],"tags":[],"class_list":["post-7633","post","type-post","status-publish","format-standard","hentry","category-noticias"],"_links":{"self":[{"href":"https:\/\/jusprev.org.br\/backup\/wp-json\/wp\/v2\/posts\/7633","targetHints":{"allow":["GET"]}}],"collection":[{"href":"https:\/\/jusprev.org.br\/backup\/wp-json\/wp\/v2\/posts"}],"about":[{"href":"https:\/\/jusprev.org.br\/backup\/wp-json\/wp\/v2\/types\/post"}],"author":[{"embeddable":true,"href":"https:\/\/jusprev.org.br\/backup\/wp-json\/wp\/v2\/users\/4"}],"replies":[{"embeddable":true,"href":"https:\/\/jusprev.org.br\/backup\/wp-json\/wp\/v2\/comments?post=7633"}],"version-history":[{"count":0,"href":"https:\/\/jusprev.org.br\/backup\/wp-json\/wp\/v2\/posts\/7633\/revisions"}],"wp:attachment":[{"href":"https:\/\/jusprev.org.br\/backup\/wp-json\/wp\/v2\/media?parent=7633"}],"wp:term":[{"taxonomy":"category","embeddable":true,"href":"https:\/\/jusprev.org.br\/backup\/wp-json\/wp\/v2\/categories?post=7633"},{"taxonomy":"post_tag","embeddable":true,"href":"https:\/\/jusprev.org.br\/backup\/wp-json\/wp\/v2\/tags?post=7633"}],"curies":[{"name":"wp","href":"https:\/\/api.w.org\/{rel}","templated":true}]}}