{"id":7640,"date":"2013-12-20T15:41:46","date_gmt":"2013-12-20T17:41:46","guid":{"rendered":"https:\/\/jusprev.org.br\/backup\/?p=7640"},"modified":"2013-12-20T15:41:46","modified_gmt":"2013-12-20T17:41:46","slug":"atencao-ao-horario-de-funcionamento-da-jusprev-neste-fim-de-ano","status":"publish","type":"post","link":"https:\/\/jusprev.org.br\/backup\/atencao-ao-horario-de-funcionamento-da-jusprev-neste-fim-de-ano\/","title":{"rendered":"Aten\u00e7\u00e3o ao hor\u00e1rio de funcionamento da JUSPREV neste fim de ano"},"content":{"rendered":"<p>Nas semanas em que se comemoram o Natal e o Ano Novo, a JUSPREV n\u00e3o funcionar\u00e1 nas ter\u00e7as (24 e 31) e quartas-feiras (25 e 01). No restante dos dias, os atendimentos ocorrem normalmente.<\/p>\n","protected":false},"excerpt":{"rendered":"<p>Nas semanas em que se comemoram o Natal e o Ano Novo, a JUSPREV n\u00e3o funcionar\u00e1 nas ter\u00e7as (24 e 31) e quartas-feiras (25 e 01). No restante dos dias,&#8230;<\/p>\n","protected":false},"author":4,"featured_media":0,"comment_status":"closed","ping_status":"closed","sticky":false,"template":"","format":"standard","meta":{"footnotes":""},"categories":[31],"tags":[],"class_list":["post-7640","post","type-post","status-publish","format-standard","hentry","category-noticias"],"_links":{"self":[{"href":"https:\/\/jusprev.org.br\/backup\/wp-json\/wp\/v2\/posts\/7640","targetHints":{"allow":["GET"]}}],"collection":[{"href":"https:\/\/jusprev.org.br\/backup\/wp-json\/wp\/v2\/posts"}],"about":[{"href":"https:\/\/jusprev.org.br\/backup\/wp-json\/wp\/v2\/types\/post"}],"author":[{"embeddable":true,"href":"https:\/\/jusprev.org.br\/backup\/wp-json\/wp\/v2\/users\/4"}],"replies":[{"embeddable":true,"href":"https:\/\/jusprev.org.br\/backup\/wp-json\/wp\/v2\/comments?post=7640"}],"version-history":[{"count":0,"href":"https:\/\/jusprev.org.br\/backup\/wp-json\/wp\/v2\/posts\/7640\/revisions"}],"wp:attachment":[{"href":"https:\/\/jusprev.org.br\/backup\/wp-json\/wp\/v2\/media?parent=7640"}],"wp:term":[{"taxonomy":"category","embeddable":true,"href":"https:\/\/jusprev.org.br\/backup\/wp-json\/wp\/v2\/categories?post=7640"},{"taxonomy":"post_tag","embeddable":true,"href":"https:\/\/jusprev.org.br\/backup\/wp-json\/wp\/v2\/tags?post=7640"}],"curies":[{"name":"wp","href":"https:\/\/api.w.org\/{rel}","templated":true}]}}