{"id":7643,"date":"2013-12-30T15:45:13","date_gmt":"2013-12-30T17:45:13","guid":{"rendered":"https:\/\/jusprev.org.br\/backup\/?p=7643"},"modified":"2013-12-30T15:45:13","modified_gmt":"2013-12-30T17:45:13","slug":"contribuicoes-basicas-da-jusprev-tem-novos-valores-a-partir-de-1o-de-janeiro","status":"publish","type":"post","link":"https:\/\/jusprev.org.br\/backup\/contribuicoes-basicas-da-jusprev-tem-novos-valores-a-partir-de-1o-de-janeiro\/","title":{"rendered":"Contribui\u00e7\u00f5es B\u00e1sicas da JUSPREV t\u00eam novos valores a partir de 1\u00ba de janeiro"},"content":{"rendered":"<p style=\"text-align: justify;\">Os valores das Contribui\u00e7\u00f5es B\u00e1sicas da JUSPREV ser\u00e3o atualizados no dia 1\u00ba de Janeiro de 2014, conforme estabelece o par\u00e1grafo \u00fanico do Artigo 9\u00ba do Regulamento do Plano de Benef\u00edcios Previdenci\u00e1rios (PLANJUS). A corre\u00e7\u00e3o n\u00e3o constitui um aumento no custo do plano, mas sim a corre\u00e7\u00e3o de seus valores para que a infla\u00e7\u00e3o do per\u00edodo n\u00e3o desvalorize os montantes pagos e o planejamento feito pelos participantes. As corre\u00e7\u00f5es s\u00e3o feitas de acordo com a data de inscri\u00e7\u00e3o no Plano da JUSPREV.<\/p>\n<p style=\"text-align: justify;\">Valores m\u00ednimos de contribui\u00e7\u00e3o:<\/p>\n<p><a href=\"https:\/\/jusprev.org.br\/backup\/wp-content\/uploads\/2013\/12\/novos_valores1.jpg\"><img loading=\"lazy\" decoding=\"async\" class=\"size-full wp-image-7676 aligncenter\" alt=\"novos_valores\" src=\"https:\/\/jusprev.org.br\/backup\/wp-content\/uploads\/2013\/12\/novos_valores1.jpg\" width=\"537\" height=\"164\" \/><\/a><\/p>\n","protected":false},"excerpt":{"rendered":"<p>Os valores das Contribui\u00e7\u00f5es B\u00e1sicas da JUSPREV ser\u00e3o atualizados no dia 1\u00ba de Janeiro de 2014, conforme estabelece o par\u00e1grafo \u00fanico do Artigo 9\u00ba do Regulamento do Plano de Benef\u00edcios&#8230;<\/p>\n","protected":false},"author":4,"featured_media":0,"comment_status":"closed","ping_status":"closed","sticky":false,"template":"","format":"standard","meta":{"footnotes":""},"categories":[31],"tags":[],"class_list":["post-7643","post","type-post","status-publish","format-standard","hentry","category-noticias"],"_links":{"self":[{"href":"https:\/\/jusprev.org.br\/backup\/wp-json\/wp\/v2\/posts\/7643","targetHints":{"allow":["GET"]}}],"collection":[{"href":"https:\/\/jusprev.org.br\/backup\/wp-json\/wp\/v2\/posts"}],"about":[{"href":"https:\/\/jusprev.org.br\/backup\/wp-json\/wp\/v2\/types\/post"}],"author":[{"embeddable":true,"href":"https:\/\/jusprev.org.br\/backup\/wp-json\/wp\/v2\/users\/4"}],"replies":[{"embeddable":true,"href":"https:\/\/jusprev.org.br\/backup\/wp-json\/wp\/v2\/comments?post=7643"}],"version-history":[{"count":0,"href":"https:\/\/jusprev.org.br\/backup\/wp-json\/wp\/v2\/posts\/7643\/revisions"}],"wp:attachment":[{"href":"https:\/\/jusprev.org.br\/backup\/wp-json\/wp\/v2\/media?parent=7643"}],"wp:term":[{"taxonomy":"category","embeddable":true,"href":"https:\/\/jusprev.org.br\/backup\/wp-json\/wp\/v2\/categories?post=7643"},{"taxonomy":"post_tag","embeddable":true,"href":"https:\/\/jusprev.org.br\/backup\/wp-json\/wp\/v2\/tags?post=7643"}],"curies":[{"name":"wp","href":"https:\/\/api.w.org\/{rel}","templated":true}]}}