{"id":7681,"date":"2014-01-13T10:28:37","date_gmt":"2014-01-13T12:28:37","guid":{"rendered":"https:\/\/jusprev.org.br\/backup\/?p=7681"},"modified":"2014-01-13T10:28:37","modified_gmt":"2014-01-13T12:28:37","slug":"devo-contribuir-mais-para-o-inss-ou-investir-em-previdencia","status":"publish","type":"post","link":"https:\/\/jusprev.org.br\/backup\/devo-contribuir-mais-para-o-inss-ou-investir-em-previdencia\/","title":{"rendered":"Devo contribuir mais para o INSS ou investir em previd\u00eancia?"},"content":{"rendered":"<p style=\"text-align: justify;\"><em>Tenho 52 anos e pretendo me aposentar com 65 anos. Tenho 30 anos de contribui\u00e7\u00e3o ao\u00a0INSS, mas pago sobre o m\u00ednimo. Para eu me aposentar pelo teto, quanto eu teria que pagar e em quanto tempo? E se eu quiser dobrar o teto, como eu faria? J\u00e1 tenho uma\u00a0previd\u00eancia privada, mas me disseram que valeria a pena tamb\u00e9m investir no INSS. Tenho d\u00favidas se\u00a0seria melhor colocar na previd\u00eancia privada\u00a0o valor que irei pagar no INSS para receber o teto.<\/em><\/p>\n<p style=\"text-align: justify;\"><em><\/em><em>Resposta de Fernando Meibak<\/em><\/p>\n<p style=\"text-align: justify;\"><em><\/em>O tema \u00e9 bastante complexo. Voc\u00ea tem 52 anos e pretende se aposentar aos 65. Ter\u00e1, portanto, mais 13 anos de contribui\u00e7\u00e3o.<\/p>\n<p style=\"text-align: justify;\">O teto da\u00a0aposentadoria pelo INSS\u00a0para 2014 \u00e9 de 4.396 reais. Como voc\u00ea contribui h\u00e1 30 anos pelo m\u00ednimo e o c\u00e1lculo da renda considera a m\u00e9dia dos 80% maiores sal\u00e1rios de contribui\u00e7\u00e3o desde 1994, se voc\u00ea passar a contribuir pelo m\u00e1ximo por 13 anos, ter\u00e1 sua aposentadoria calculada considerando tamb\u00e9m esses anos de contribui\u00e7\u00e3o nos 80%.<\/p>\n<p style=\"text-align: justify;\">Ou seja, voc\u00ea ter\u00e1 um efeito positivo no c\u00e1lculo do valor de sua aposentadoria, mas nunca conseguir\u00e1 se aposentar pelo teto.<\/p>\n<p style=\"text-align: justify;\">Vejo que voc\u00ea descartou a op\u00e7\u00e3o de se aposentar por tempo de contribui\u00e7\u00e3o, que no seu caso seria daqui a cinco anos. \u00c9 muito dif\u00edcil dar uma opini\u00e3o decisiva sobre o assunto, pois envolve alguns riscos, mas recomendo que avalie.<\/p>\n<p style=\"text-align: justify;\">H\u00e1 pessoas que preferem se aposentar por tempo de contribui\u00e7\u00e3o, mesmo com a perda gerada pela ado\u00e7\u00e3o do\u00a0fator previdenci\u00e1rio, pois t\u00eam uma vis\u00e3o de que as regras de aposentadoria poder\u00e3o piorar ao longo do tempo, devido aos problemas estruturais que o sistema apresenta.<\/p>\n<p style=\"text-align: justify;\">H\u00e1 pessoas, como voc\u00ea, que preferem postergar a aposentadoria at\u00e9 os 65 anos, quando o fator previdenci\u00e1rio n\u00e3o imp\u00f5e perdas.<\/p>\n<p style=\"text-align: justify;\">Esse valor maior que voc\u00ea ir\u00e1 depositar poderia ser investido em aplica\u00e7\u00f5es remuneradas com as taxas de juros atuais, que s\u00e3o altas. Em 2019, quando voc\u00ea for eleg\u00edvel \u00e0 aposentadoria por tempo de contribui\u00e7\u00e3o, voc\u00ea dever\u00e1 avaliar os pr\u00f3s e contras de requerer o benef\u00edcio.<\/p>\n<p style=\"text-align: justify;\"><strong>\u00c9 muito positivo que tenha um produto de previd\u00eancia privada.<\/strong> Mas, sempre alerto os internautas para que fiquem atentos aos custos de taxa de administra\u00e7\u00e3o de seus planos. Se for maior que 1,2% ao ano, n\u00e3o recomendo que voc\u00ea invista mais recursos.<\/p>\n<p style=\"text-align: justify;\">fonte:\u00a0<a href=\"http:\/\/exame.abril.com.br\/\">exame.abril.com.br<\/a><\/p>\n","protected":false},"excerpt":{"rendered":"<p>Tenho 52 anos e pretendo me aposentar com 65 anos. Tenho 30 anos de contribui\u00e7\u00e3o ao\u00a0INSS, mas pago sobre o m\u00ednimo. Para eu me aposentar pelo teto, quanto eu teria&#8230;<\/p>\n","protected":false},"author":4,"featured_media":0,"comment_status":"closed","ping_status":"closed","sticky":false,"template":"","format":"standard","meta":{"footnotes":""},"categories":[31],"tags":[],"class_list":["post-7681","post","type-post","status-publish","format-standard","hentry","category-noticias"],"_links":{"self":[{"href":"https:\/\/jusprev.org.br\/backup\/wp-json\/wp\/v2\/posts\/7681","targetHints":{"allow":["GET"]}}],"collection":[{"href":"https:\/\/jusprev.org.br\/backup\/wp-json\/wp\/v2\/posts"}],"about":[{"href":"https:\/\/jusprev.org.br\/backup\/wp-json\/wp\/v2\/types\/post"}],"author":[{"embeddable":true,"href":"https:\/\/jusprev.org.br\/backup\/wp-json\/wp\/v2\/users\/4"}],"replies":[{"embeddable":true,"href":"https:\/\/jusprev.org.br\/backup\/wp-json\/wp\/v2\/comments?post=7681"}],"version-history":[{"count":0,"href":"https:\/\/jusprev.org.br\/backup\/wp-json\/wp\/v2\/posts\/7681\/revisions"}],"wp:attachment":[{"href":"https:\/\/jusprev.org.br\/backup\/wp-json\/wp\/v2\/media?parent=7681"}],"wp:term":[{"taxonomy":"category","embeddable":true,"href":"https:\/\/jusprev.org.br\/backup\/wp-json\/wp\/v2\/categories?post=7681"},{"taxonomy":"post_tag","embeddable":true,"href":"https:\/\/jusprev.org.br\/backup\/wp-json\/wp\/v2\/tags?post=7681"}],"curies":[{"name":"wp","href":"https:\/\/api.w.org\/{rel}","templated":true}]}}