{"id":7699,"date":"2014-01-16T15:27:35","date_gmt":"2014-01-16T17:27:35","guid":{"rendered":"https:\/\/jusprev.org.br\/backup\/?p=7699"},"modified":"2014-01-16T15:27:35","modified_gmt":"2014-01-16T17:27:35","slug":"apesar-do-ano-dificil-nao-ha-motivos-para-alarmes","status":"publish","type":"post","link":"https:\/\/jusprev.org.br\/backup\/apesar-do-ano-dificil-nao-ha-motivos-para-alarmes\/","title":{"rendered":"Apesar do ano dif\u00edcil, n\u00e3o h\u00e1 motivos para alarmes"},"content":{"rendered":"<p style=\"text-align: justify;\">Mat\u00e9ria publicada na Revista Fundos de Pens\u00e3o de Novembro\/Dezembro 2013, faz uma retrospectiva do cen\u00e1rio econ\u00f4mico de 2013 e ressalta que diante do perfil de longo prazo da Previd\u00eancia Complementar, n\u00e3o h\u00e1 motivo para alarme.<\/p>\n<p style=\"text-align: justify;\"><a href=\"https:\/\/jusprev.org.br\/backup\/wp-content\/uploads\/2014\/01\/Apesar-do-Ano-Dificil-Revista-389.pdf\">Leia aqui a mat\u00e9ria.<\/a><\/p>\n","protected":false},"excerpt":{"rendered":"<p>Mat\u00e9ria publicada na Revista Fundos de Pens\u00e3o de Novembro\/Dezembro 2013, faz uma retrospectiva do cen\u00e1rio econ\u00f4mico de 2013 e ressalta que diante do perfil de longo prazo da Previd\u00eancia Complementar,&#8230;<\/p>\n","protected":false},"author":4,"featured_media":0,"comment_status":"closed","ping_status":"closed","sticky":false,"template":"","format":"standard","meta":{"footnotes":""},"categories":[31],"tags":[],"class_list":["post-7699","post","type-post","status-publish","format-standard","hentry","category-noticias"],"_links":{"self":[{"href":"https:\/\/jusprev.org.br\/backup\/wp-json\/wp\/v2\/posts\/7699","targetHints":{"allow":["GET"]}}],"collection":[{"href":"https:\/\/jusprev.org.br\/backup\/wp-json\/wp\/v2\/posts"}],"about":[{"href":"https:\/\/jusprev.org.br\/backup\/wp-json\/wp\/v2\/types\/post"}],"author":[{"embeddable":true,"href":"https:\/\/jusprev.org.br\/backup\/wp-json\/wp\/v2\/users\/4"}],"replies":[{"embeddable":true,"href":"https:\/\/jusprev.org.br\/backup\/wp-json\/wp\/v2\/comments?post=7699"}],"version-history":[{"count":0,"href":"https:\/\/jusprev.org.br\/backup\/wp-json\/wp\/v2\/posts\/7699\/revisions"}],"wp:attachment":[{"href":"https:\/\/jusprev.org.br\/backup\/wp-json\/wp\/v2\/media?parent=7699"}],"wp:term":[{"taxonomy":"category","embeddable":true,"href":"https:\/\/jusprev.org.br\/backup\/wp-json\/wp\/v2\/categories?post=7699"},{"taxonomy":"post_tag","embeddable":true,"href":"https:\/\/jusprev.org.br\/backup\/wp-json\/wp\/v2\/tags?post=7699"}],"curies":[{"name":"wp","href":"https:\/\/api.w.org\/{rel}","templated":true}]}}