{"id":7714,"date":"2014-01-23T12:08:59","date_gmt":"2014-01-23T14:08:59","guid":{"rendered":"https:\/\/jusprev.org.br\/backup\/?p=7714"},"modified":"2014-01-23T12:08:59","modified_gmt":"2014-01-23T14:08:59","slug":"saiba-como-se-planejar-para-evitar-a-queda-de-renda-apos-a-aposentadoria","status":"publish","type":"post","link":"https:\/\/jusprev.org.br\/backup\/saiba-como-se-planejar-para-evitar-a-queda-de-renda-apos-a-aposentadoria\/","title":{"rendered":"Saiba como se planejar para evitar a queda de renda ap\u00f3s a aposentadoria"},"content":{"rendered":"<p style=\"text-align: justify;\"><em>Aumento da expectativa de vida dos brasileiros diminui o valor da aposentadoria do INSS. Come\u00e7ar a planejar o futuro financeiro se torna ainda mais importante.<\/em><\/p>\n<p style=\"text-align: justify;\"><em><\/em><span style=\"font-size: 14px;\">Na semana em que se comemora o Dia Nacional do Aposentado, um tema importante para a discuss\u00e3o \u00e9 a vida ap\u00f3s a aposentadoria. Em uma fase da vida que muitos trabalhadores gostariam de descansar, parte da popula\u00e7\u00e3o continua trabalhando para complementar a renda, j\u00e1 que o valor da aposentadoria oferecida pelo INSS \/muitas vezes n\u00e3o consegue manter o padr\u00e3o de vida que ela tinha antes. Isso acontece porque algumas pessoas ainda deixam para pensar nisso apenas no momento em que chegam \u00e0 aposentadoria.<\/span><\/p>\n<p style=\"text-align: justify;\">Recentemente, o IBGE divulgou que a expectativa de vida da popula\u00e7\u00e3o brasileira aumentou em 144 dias, n\u00famero muito superior \u00e0 m\u00e9dia nos \u00faltimos anos, que havia sido de 40 dias. Diante deste cen\u00e1rio, a partir do final de 2013, as aposentadorias por tempo de trabalho concedidas pelo governo tiveram redu\u00e7\u00e3o m\u00e9dia de 1,67% em rela\u00e7\u00e3o ao m\u00eas passado. Esta redu\u00e7\u00e3o faz com que as pessoas precisem come\u00e7ar a investir na complementa\u00e7\u00e3o da renda na aposentadoria cada vez mais cedo e a previd\u00eancia privada \u00e9 uma das alternativas.<\/p>\n<p style=\"text-align: justify;\">\u201cA previd\u00eancia privada \u00e9 um dos instrumentos de poupan\u00e7a para a aposentadoria e, quanto antes a pessoa come\u00e7ar a investir, maior ser\u00e1 a renda no futuro para complementar o INSS. E, quanto maior a expectativa de vida, maior \u00e9 a reserva financeira necess\u00e1ria para o futuro. N\u00e3o existe m\u00e1gica, \u00e9 uma rela\u00e7\u00e3o matem\u00e1tica que leva em considera\u00e7\u00e3o o valor poupado por m\u00eas, o tempo desta poupan\u00e7a e a expectativa de vida para receber a renda no futuro\u201d, destaca Leonardo Louren\u00e7o, Superintendente de Marketing da Mongeral Aegon.<\/p>\n<p style=\"text-align: justify;\">Um levantamento feito pela Mongeral Aegon apontou que, se um homem de 60 anos, tendo 35 de carteira assinada com um sal\u00e1rio superior ao teto do INSS (R$ 4.159) \u2013 e, portanto, com contribui\u00e7\u00e3o m\u00e1xima \u00e0 previd\u00eancia social \u2013, tivesse solicitado a aposentadoria at\u00e9 o \u00faltimo dia \u00fatil de novembro de 2013, ele receberia um benef\u00edcio de R$ 3.618. Agora, se ele pedir depois de dezembro, o benef\u00edcio passa a ser de R$ 3.535,15, uma perda de R$ 83,18. J\u00e1 se o contribuinte for uma mulher de 55 anos, com 35 de contribui\u00e7\u00e3o e sal\u00e1rio acima do teto do INSS, o valor da aposentadoria solicitada este m\u00eas seria de R$ 2.287,45. Se ela se aposentasse em novembro, este valor seria R$ 208 maior (R$ 2.495,40).<\/p>\n<p style=\"text-align: justify;\"><strong>Alternativa<\/strong><\/p>\n<p style=\"text-align: justify;\"><strong><\/strong>Diante deste cen\u00e1rio, a previd\u00eancia privada \u00e9 uma das alternativas para complementar a renda no futuro, porque permite alterar o valor de contribui\u00e7\u00e3o ao longo do tempo, por exemplo, em fun\u00e7\u00e3o do crescimento na carreira, aumento de renda ou o recebimento de b\u00f4nus no trabalho.<\/p>\n<p style=\"text-align: justify;\">Uma pessoa tenha um sal\u00e1rio de R$ 5 mil e contribui pelo teto do INSS, por exemplo, precisar\u00e1 de uma renda complementar de R$ 1 mil para manter o padr\u00e3o financeiro ao se aposentar. Ao aderir a uma previd\u00eancia privada aos 20 anos, com contribui\u00e7\u00e3o mensal de R$ 100, essa pessoa poder\u00e1 acumular, at\u00e9 os 60 anos, cerca de R$ 200 mil. Em 15 anos \u2013 dos 60 aos 75 (expectativa m\u00e9dia de vida do brasileiro) \u2013, ela poderia ter uma renda mensal complementar de mais de R$ 1 mil. J\u00e1 se a contribui\u00e7\u00e3o for de R$ 200 ao m\u00eas, durante o mesmo per\u00edodo, o valor final ser\u00e1 de quase R$ 400 mil e essa renda mensal passa para quase R$ 2,5 mil.<\/p>\n<p style=\"text-align: justify;\">\u201cPlanejar financeiramente o futuro \u00e9 uma decis\u00e3o que deve ser tomada o quanto antes, pois, quanto mais tempo investirmos, maior ser\u00e1 o retorno no futuro. No caso da previd\u00eancia privada complementar, \u00e9 poss\u00edvel avaliar ao longo do tempo quanto se quer ter de renda ap\u00f3s a aposentadoria e, com isso, saber exatamente o valor que dever\u00e1 ser investido para alcan\u00e7ar este objetivo\u201d, esclarece o superintendente.<\/p>\n<p style=\"text-align: justify;\"><strong>Como escolher um plano de previd\u00eancia privada<\/strong><\/p>\n<p style=\"text-align: justify;\"><strong><\/strong>Apesar da import\u00e2ncia de investir para o futuro, muitas pessoas ainda t\u00eam d\u00favidas sobre como escolher um plano de previd\u00eancia privada e como aplicar o dinheiro, por exemplo. Para ajudar nesta escolha, \u00e9 importante que a pessoa busque algumas informa\u00e7\u00f5es:<\/p>\n<p style=\"text-align: justify;\">\u00b7 Identificar qual o modelo de declara\u00e7\u00e3o de imposto de renda que a pessoa utiliza. Um PGBL (Plano Gerador de Benef\u00edcio Livre) oferece benef\u00edcios fiscais para quem faz a declara\u00e7\u00e3o completa do IR, com contribui\u00e7\u00f5es dedut\u00edveis at\u00e9 o limite de 12% da renda bruta. J\u00e1 um VGBL (Vida Gerador de Benef\u00edcio Livre) \u00e9 ideal para quem j\u00e1 usa todo o benef\u00edcio fiscal no IR, \u00e9 isento ou faz declara\u00e7\u00e3o pelo modelo simplificado;<\/p>\n<p style=\"text-align: justify;\">\u00b7\u00a0 Avaliar a taxa de administra\u00e7\u00e3o e de carregamento do plano;<\/p>\n<p style=\"text-align: justify;\">\u00b7\u00a0 Avaliar o hist\u00f3rico de rentabilidade dos fundos de investimentos dispon\u00edveis para cada plano;<\/p>\n<p style=\"text-align: justify;\">\u00b7 Buscar planos geridos por empresas de tradi\u00e7\u00e3o e credibilidade.<\/p>\n<p style=\"text-align: justify;\">Os planos de previd\u00eancia privada podem ser contratados por qualquer pessoa, desde que tenha CPF. No caso de menores de idade, os planos ficam no nome do benefici\u00e1rio, mas s\u00e3o administrados pelos respons\u00e1veis legais at\u00e9 o jovem completar 18 anos. Ao atingir a maioridade, o titular passa a responder totalmente pelo plano contratado.<\/p>\n<p style=\"text-align: justify;\">fonte:\u00a0www.diariodolitoral.com.br<\/p>\n","protected":false},"excerpt":{"rendered":"<p>Aumento da expectativa de vida dos brasileiros diminui o valor da aposentadoria do INSS. Come\u00e7ar a planejar o futuro financeiro se torna ainda mais importante. Na semana em que se&#8230;<\/p>\n","protected":false},"author":4,"featured_media":0,"comment_status":"closed","ping_status":"closed","sticky":false,"template":"","format":"standard","meta":{"footnotes":""},"categories":[31],"tags":[],"class_list":["post-7714","post","type-post","status-publish","format-standard","hentry","category-noticias"],"_links":{"self":[{"href":"https:\/\/jusprev.org.br\/backup\/wp-json\/wp\/v2\/posts\/7714","targetHints":{"allow":["GET"]}}],"collection":[{"href":"https:\/\/jusprev.org.br\/backup\/wp-json\/wp\/v2\/posts"}],"about":[{"href":"https:\/\/jusprev.org.br\/backup\/wp-json\/wp\/v2\/types\/post"}],"author":[{"embeddable":true,"href":"https:\/\/jusprev.org.br\/backup\/wp-json\/wp\/v2\/users\/4"}],"replies":[{"embeddable":true,"href":"https:\/\/jusprev.org.br\/backup\/wp-json\/wp\/v2\/comments?post=7714"}],"version-history":[{"count":0,"href":"https:\/\/jusprev.org.br\/backup\/wp-json\/wp\/v2\/posts\/7714\/revisions"}],"wp:attachment":[{"href":"https:\/\/jusprev.org.br\/backup\/wp-json\/wp\/v2\/media?parent=7714"}],"wp:term":[{"taxonomy":"category","embeddable":true,"href":"https:\/\/jusprev.org.br\/backup\/wp-json\/wp\/v2\/categories?post=7714"},{"taxonomy":"post_tag","embeddable":true,"href":"https:\/\/jusprev.org.br\/backup\/wp-json\/wp\/v2\/tags?post=7714"}],"curies":[{"name":"wp","href":"https:\/\/api.w.org\/{rel}","templated":true}]}}