{"id":7725,"date":"2014-01-30T11:58:17","date_gmt":"2014-01-30T13:58:17","guid":{"rendered":"https:\/\/jusprev.org.br\/backup\/?p=7725"},"modified":"2014-01-30T11:58:17","modified_gmt":"2014-01-30T13:58:17","slug":"comemorar-a-aposentadoria","status":"publish","type":"post","link":"https:\/\/jusprev.org.br\/backup\/comemorar-a-aposentadoria\/","title":{"rendered":"Comemorar a aposentadoria"},"content":{"rendered":"<p style=\"text-align: justify;\"><em>Por: Renato Follador<\/em><\/p>\n<p style=\"text-align: justify;\">Na semana passada comemorou-se o dia do aposentado. A maioria deles n\u00e3o entendeu o que comemorar. Dois ter\u00e7os ganham s\u00f3 um sal\u00e1rio m\u00ednimo e a maioria deles voltou a trabalhar, pois n\u00e3o consegue viver s\u00f3 da m\u00edsera aposentadoria.<\/p>\n<p style=\"text-align: justify;\">A prova do descontentamento: a data foi usada para manifesta\u00e7\u00f5es, pa\u00eds afora, de sindicatos, associa\u00e7\u00f5es e parlamentares oportunistas reivindicando melhores condi\u00e7\u00f5es e maiores aposentadorias, pedindo a queda do fator previdenci\u00e1rio.<\/p>\n<p style=\"text-align: justify;\">Do outro lado da rua, a ABRAPP e demais entidades representativas da previd\u00eancia privada dos fundos de pens\u00e3o organizaram eventos para homenagear antigos trabalhadores de empresas brasileiras que hoje curtem suas \u00f3timas aposentadorias. Todas fruto de poupan\u00e7a profissionalmente administrada ao longo de d\u00e9cadas.<\/p>\n<p style=\"text-align: justify;\">Onde est\u00e1 a diferen\u00e7a, j\u00e1 que para os dois tipos de previd\u00eancia, a social e a privada, h\u00e1 a contribui\u00e7\u00e3o? A diferen\u00e7a est\u00e1 no financiamento e na inger\u00eancia pol\u00edtica.<\/p>\n<p style=\"text-align: justify;\">Na previd\u00eancia social n\u00e3o h\u00e1 reservas, poupan\u00e7a previdenci\u00e1ria, e quando havia sobra de recursos, estes foram desviados para outros fins.<\/p>\n<p style=\"text-align: justify;\">Mas acho que a principal diferen\u00e7a est\u00e1 na vis\u00e3o estrat\u00e9gica.<\/p>\n<p style=\"text-align: justify;\">Governos pensam s\u00f3 neles e na pr\u00f3xima elei\u00e7\u00e3o. Gestores de previd\u00eancia privada pensam nos outros- nos segurados- e no longo prazo.<\/p>\n<p style=\"text-align: justify;\">fonte:\u00a0www.cbncuritiba.com.br<\/p>\n","protected":false},"excerpt":{"rendered":"<p>Por: Renato Follador Na semana passada comemorou-se o dia do aposentado. A maioria deles n\u00e3o entendeu o que comemorar. Dois ter\u00e7os ganham s\u00f3 um sal\u00e1rio m\u00ednimo e a maioria deles&#8230;<\/p>\n","protected":false},"author":4,"featured_media":0,"comment_status":"closed","ping_status":"closed","sticky":false,"template":"","format":"standard","meta":{"footnotes":""},"categories":[31],"tags":[],"class_list":["post-7725","post","type-post","status-publish","format-standard","hentry","category-noticias"],"_links":{"self":[{"href":"https:\/\/jusprev.org.br\/backup\/wp-json\/wp\/v2\/posts\/7725","targetHints":{"allow":["GET"]}}],"collection":[{"href":"https:\/\/jusprev.org.br\/backup\/wp-json\/wp\/v2\/posts"}],"about":[{"href":"https:\/\/jusprev.org.br\/backup\/wp-json\/wp\/v2\/types\/post"}],"author":[{"embeddable":true,"href":"https:\/\/jusprev.org.br\/backup\/wp-json\/wp\/v2\/users\/4"}],"replies":[{"embeddable":true,"href":"https:\/\/jusprev.org.br\/backup\/wp-json\/wp\/v2\/comments?post=7725"}],"version-history":[{"count":0,"href":"https:\/\/jusprev.org.br\/backup\/wp-json\/wp\/v2\/posts\/7725\/revisions"}],"wp:attachment":[{"href":"https:\/\/jusprev.org.br\/backup\/wp-json\/wp\/v2\/media?parent=7725"}],"wp:term":[{"taxonomy":"category","embeddable":true,"href":"https:\/\/jusprev.org.br\/backup\/wp-json\/wp\/v2\/categories?post=7725"},{"taxonomy":"post_tag","embeddable":true,"href":"https:\/\/jusprev.org.br\/backup\/wp-json\/wp\/v2\/tags?post=7725"}],"curies":[{"name":"wp","href":"https:\/\/api.w.org\/{rel}","templated":true}]}}