{"id":7736,"date":"2014-02-11T12:14:23","date_gmt":"2014-02-11T14:14:23","guid":{"rendered":"https:\/\/jusprev.org.br\/backup\/?p=7736"},"modified":"2014-02-11T12:14:23","modified_gmt":"2014-02-11T14:14:23","slug":"um-futuro-feliz-exige-planejamento-previdenciario-melhor-prevenir-do-que-remediar","status":"publish","type":"post","link":"https:\/\/jusprev.org.br\/backup\/um-futuro-feliz-exige-planejamento-previdenciario-melhor-prevenir-do-que-remediar\/","title":{"rendered":"Um futuro feliz exige planejamento previdenci\u00e1rio, melhor prevenir do que remediar"},"content":{"rendered":"<p style=\"text-align: justify;\">O principal erro previdenci\u00e1rio de um profissional \u00e9 querer saber de sua aposentadoria apenas nas v\u00e9speras de completar os requisitos.\u00a0Nesse momento, ele percebe que poderia ter tomado decis\u00f5es, l\u00e1 no passado, que teriam impacto no valor do seu benef\u00edcio e que existem v\u00e1rias formas de ter o melhor ganho previdenci\u00e1rio.<\/p>\n<p style=\"text-align: justify;\">Apenas para se ter uma ideia, muitos profissionais ainda pensam que aumentando as contribui\u00e7\u00f5es nos \u00faltimos 36 meses, o valor do benef\u00edcio aumentar\u00e1 (uma regra que j\u00e1 perdeu a validade h\u00e1 uma d\u00e9cada).<\/p>\n<p style=\"text-align: justify;\">Abaixo est\u00e3o listados alguns motivos pelos quais vale a pena realizar, ainda cedo, um planejamento previdenci\u00e1rio:<\/p>\n<p style=\"text-align: justify;\">1 &#8211; \u00c9 poss\u00edvel ter v\u00e1rios benef\u00edcios e n\u00e3o ficar &#8220;na m\u00e3o&#8221; de uma \u00fanica fonte: tanto os profissionais que possuem v\u00e1rios empregos quanto servidores p\u00fablicos efetivos planejando corretamente, podem chegar ao momento de aposentadoria com mais de um benef\u00edcio. \u00c9 poss\u00edvel somar um benef\u00edcio do regime geral (INSS), mais um (ou at\u00e9 dois) dos regimes pr\u00f3prios (previd\u00eancia do servidor), al\u00e9m de benef\u00edcios de previd\u00eancia fechada;<\/p>\n<p style=\"text-align: justify;\">2 &#8211; \u00c9 poss\u00edvel planejar a hora e o melhor valor para aposentadoria: mediante simula\u00e7\u00f5es, v\u00e1rios especialistas calculam se vale a pena contribuir com mais ou com menos para o regime geral (INSS) de maneira a ter a melhor rela\u00e7\u00e3o custo\/benef\u00edcio na hora do benef\u00edcio;<\/p>\n<p style=\"text-align: justify;\">3 &#8211; \u00c9 poss\u00edvel evitar o desperd\u00edcio de tempo: especialmente no caso dos servidores p\u00fablicos efetivos, muitos s\u00e3o os casos em que o servidor trabalha mais tempo do que o necess\u00e1rio. Estando alerta, \u00e9 poss\u00edvel aproveitar esse tempo excedente;<\/p>\n<p style=\"text-align: justify;\">4 &#8211; \u00c9 poss\u00edvel preparar as provas para garantir os benef\u00edcios futuros: tanto no caso da aposentadoria especial (com exposi\u00e7\u00e3o a riscos \u00e0 sa\u00fade e integridade f\u00edsica), quanto no caso dos dependentes para fins de pens\u00e3o por morte, as provas s\u00e3o, in\u00fameras vezes, decisivas. Constantemente, o direito existe. Mas, cad\u00ea as provas? Ocorre que muitas delas podem ser constru\u00eddas antes de a necessidade surgir.<\/p>\n<p style=\"text-align: justify;\">Fonte: redeprevidencia.blogspot.com.br<\/p>\n","protected":false},"excerpt":{"rendered":"<p>O principal erro previdenci\u00e1rio de um profissional \u00e9 querer saber de sua aposentadoria apenas nas v\u00e9speras de completar os requisitos.\u00a0Nesse momento, ele percebe que poderia ter tomado decis\u00f5es, l\u00e1 no&#8230;<\/p>\n","protected":false},"author":4,"featured_media":0,"comment_status":"closed","ping_status":"closed","sticky":false,"template":"","format":"standard","meta":{"footnotes":""},"categories":[31],"tags":[],"class_list":["post-7736","post","type-post","status-publish","format-standard","hentry","category-noticias"],"_links":{"self":[{"href":"https:\/\/jusprev.org.br\/backup\/wp-json\/wp\/v2\/posts\/7736","targetHints":{"allow":["GET"]}}],"collection":[{"href":"https:\/\/jusprev.org.br\/backup\/wp-json\/wp\/v2\/posts"}],"about":[{"href":"https:\/\/jusprev.org.br\/backup\/wp-json\/wp\/v2\/types\/post"}],"author":[{"embeddable":true,"href":"https:\/\/jusprev.org.br\/backup\/wp-json\/wp\/v2\/users\/4"}],"replies":[{"embeddable":true,"href":"https:\/\/jusprev.org.br\/backup\/wp-json\/wp\/v2\/comments?post=7736"}],"version-history":[{"count":0,"href":"https:\/\/jusprev.org.br\/backup\/wp-json\/wp\/v2\/posts\/7736\/revisions"}],"wp:attachment":[{"href":"https:\/\/jusprev.org.br\/backup\/wp-json\/wp\/v2\/media?parent=7736"}],"wp:term":[{"taxonomy":"category","embeddable":true,"href":"https:\/\/jusprev.org.br\/backup\/wp-json\/wp\/v2\/categories?post=7736"},{"taxonomy":"post_tag","embeddable":true,"href":"https:\/\/jusprev.org.br\/backup\/wp-json\/wp\/v2\/tags?post=7736"}],"curies":[{"name":"wp","href":"https:\/\/api.w.org\/{rel}","templated":true}]}}