{"id":7753,"date":"2014-02-18T16:19:26","date_gmt":"2014-02-18T19:19:26","guid":{"rendered":"https:\/\/jusprev.org.br\/backup\/?p=7753"},"modified":"2014-02-18T16:19:26","modified_gmt":"2014-02-18T19:19:26","slug":"diretor-juridico-e-de-beneficios-da-jusprev-participa-do-encontro-anual-assprevisite-previdencia","status":"publish","type":"post","link":"https:\/\/jusprev.org.br\/backup\/diretor-juridico-e-de-beneficios-da-jusprev-participa-do-encontro-anual-assprevisite-previdencia\/","title":{"rendered":"Diretor Jur\u00eddico e de Benef\u00edcios da JUSPREV, participa do Encontro Anual AssPreviSite Previd\u00eancia"},"content":{"rendered":"<p style=\"text-align: justify;\">O Diretor Jur\u00eddico e de Benef\u00edcios da JUSPREV, Dr. Vanderley Jos\u00e9 Ma\u00e7aneiro, participou do Encontro Anual AssPreviSite Previd\u00eancia &#8211; Edi\u00e7\u00e3o Curitiba com o tema: &#8220;2014: Mudan\u00e7as, Oportunidades e Desafios&#8221;, que aconteceu no dia 14 de fevereiro, no Audit\u00f3rio da Funda\u00e7\u00e3o COPEL em Curitiba. O evento destinado a profissionais e dirigentes, teve como principais objetivos abordar as mudan\u00e7as introduzidas no cen\u00e1rio da previd\u00eancia complementar, seus desdobramentos e os impactos vivenciados pelas funda\u00e7\u00f5es, realizar uma leitura objetiva e estrat\u00e9gica dos \u00f3rg\u00e3os e entidades associativas do segmento e a vis\u00e3o dos principais aspectos que ir\u00e3o interagir com a gest\u00e3o e opera\u00e7\u00e3o das EFPCs e avaliar o cen\u00e1rio e contexto com destaque e sob \u00f3tica dos diversos t\u00f3picos que influenciam a vida e o desempenho de um fundo de pens\u00e3o.<\/p>\n<p style=\"text-align: justify;\">Conforme Dr. Vanderley, o foco do encontro foi a discuss\u00e3o sobre as perdas sofridas pelas Entidades Fechadas de Previd\u00eancia Complementar, no ano de 2013, e a necessidade de reverter esses resultados. As exposi\u00e7\u00f5es e os debates marcaram este momento oportuno de in\u00edcio de exerc\u00edcio, evidenciando o processo de evolu\u00e7\u00e3o que tem se apresentado para a gest\u00e3o dos fundos de pens\u00e3o, o est\u00e1gio atual, os desafios que vivenciamos e as novas oportunidades que se apresentam para 2014.<\/p>\n","protected":false},"excerpt":{"rendered":"<p>O Diretor Jur\u00eddico e de Benef\u00edcios da JUSPREV, Dr. Vanderley Jos\u00e9 Ma\u00e7aneiro, participou do Encontro Anual AssPreviSite Previd\u00eancia &#8211; Edi\u00e7\u00e3o Curitiba com o tema: &#8220;2014: Mudan\u00e7as, Oportunidades e Desafios&#8221;, que&#8230;<\/p>\n","protected":false},"author":4,"featured_media":0,"comment_status":"closed","ping_status":"closed","sticky":false,"template":"","format":"standard","meta":{"footnotes":""},"categories":[31],"tags":[],"class_list":["post-7753","post","type-post","status-publish","format-standard","hentry","category-noticias"],"_links":{"self":[{"href":"https:\/\/jusprev.org.br\/backup\/wp-json\/wp\/v2\/posts\/7753","targetHints":{"allow":["GET"]}}],"collection":[{"href":"https:\/\/jusprev.org.br\/backup\/wp-json\/wp\/v2\/posts"}],"about":[{"href":"https:\/\/jusprev.org.br\/backup\/wp-json\/wp\/v2\/types\/post"}],"author":[{"embeddable":true,"href":"https:\/\/jusprev.org.br\/backup\/wp-json\/wp\/v2\/users\/4"}],"replies":[{"embeddable":true,"href":"https:\/\/jusprev.org.br\/backup\/wp-json\/wp\/v2\/comments?post=7753"}],"version-history":[{"count":0,"href":"https:\/\/jusprev.org.br\/backup\/wp-json\/wp\/v2\/posts\/7753\/revisions"}],"wp:attachment":[{"href":"https:\/\/jusprev.org.br\/backup\/wp-json\/wp\/v2\/media?parent=7753"}],"wp:term":[{"taxonomy":"category","embeddable":true,"href":"https:\/\/jusprev.org.br\/backup\/wp-json\/wp\/v2\/categories?post=7753"},{"taxonomy":"post_tag","embeddable":true,"href":"https:\/\/jusprev.org.br\/backup\/wp-json\/wp\/v2\/tags?post=7753"}],"curies":[{"name":"wp","href":"https:\/\/api.w.org\/{rel}","templated":true}]}}