{"id":7755,"date":"2014-02-19T09:55:24","date_gmt":"2014-02-19T12:55:24","guid":{"rendered":"https:\/\/jusprev.org.br\/backup\/?p=7755"},"modified":"2014-02-19T09:55:24","modified_gmt":"2014-02-19T12:55:24","slug":"cartilha-declaracao-de-imposto-de-renda-2014","status":"publish","type":"post","link":"https:\/\/jusprev.org.br\/backup\/cartilha-declaracao-de-imposto-de-renda-2014\/","title":{"rendered":"Cartilha Declara\u00e7\u00e3o de Imposto de Renda &#8211; 2014"},"content":{"rendered":"<p style=\"text-align: justify;\">Como forma de orientar seus participantes, a JUSPREV desenvolveu um guia para o preenchimento correto para sua Declara\u00e7\u00e3o de Imposto de Renda 2014. A publica\u00e7\u00e3o objetiva informar a todos sobre as obrigatoriedades, formas de elabora\u00e7\u00e3o a declara\u00e7\u00e3o de IRPF, modelos de declara\u00e7\u00e3o, novidades introduzidas a partir de 2013, entre outros itens.<\/p>\n<p style=\"text-align: justify;\"><a href=\"https:\/\/jusprev.org.br\/backup\/wp-content\/uploads\/2014\/02\/Cartilha-IR-2014.pdf\">Acesse aqui a cartilha.<\/a><\/p>\n","protected":false},"excerpt":{"rendered":"<p>Como forma de orientar seus participantes, a JUSPREV desenvolveu um guia para o preenchimento correto para sua Declara\u00e7\u00e3o de Imposto de Renda 2014. A publica\u00e7\u00e3o objetiva informar a todos sobre&#8230;<\/p>\n","protected":false},"author":4,"featured_media":0,"comment_status":"closed","ping_status":"closed","sticky":false,"template":"","format":"standard","meta":{"footnotes":""},"categories":[31],"tags":[],"class_list":["post-7755","post","type-post","status-publish","format-standard","hentry","category-noticias"],"_links":{"self":[{"href":"https:\/\/jusprev.org.br\/backup\/wp-json\/wp\/v2\/posts\/7755","targetHints":{"allow":["GET"]}}],"collection":[{"href":"https:\/\/jusprev.org.br\/backup\/wp-json\/wp\/v2\/posts"}],"about":[{"href":"https:\/\/jusprev.org.br\/backup\/wp-json\/wp\/v2\/types\/post"}],"author":[{"embeddable":true,"href":"https:\/\/jusprev.org.br\/backup\/wp-json\/wp\/v2\/users\/4"}],"replies":[{"embeddable":true,"href":"https:\/\/jusprev.org.br\/backup\/wp-json\/wp\/v2\/comments?post=7755"}],"version-history":[{"count":0,"href":"https:\/\/jusprev.org.br\/backup\/wp-json\/wp\/v2\/posts\/7755\/revisions"}],"wp:attachment":[{"href":"https:\/\/jusprev.org.br\/backup\/wp-json\/wp\/v2\/media?parent=7755"}],"wp:term":[{"taxonomy":"category","embeddable":true,"href":"https:\/\/jusprev.org.br\/backup\/wp-json\/wp\/v2\/categories?post=7755"},{"taxonomy":"post_tag","embeddable":true,"href":"https:\/\/jusprev.org.br\/backup\/wp-json\/wp\/v2\/tags?post=7755"}],"curies":[{"name":"wp","href":"https:\/\/api.w.org\/{rel}","templated":true}]}}