{"id":7771,"date":"2014-02-26T14:53:28","date_gmt":"2014-02-26T17:53:28","guid":{"rendered":"https:\/\/jusprev.org.br\/backup\/?p=7771"},"modified":"2014-02-26T14:53:28","modified_gmt":"2014-02-26T17:53:28","slug":"ir-programa-ja-pode-ser-baixado","status":"publish","type":"post","link":"https:\/\/jusprev.org.br\/backup\/ir-programa-ja-pode-ser-baixado\/","title":{"rendered":"IR: programa j\u00e1 pode ser baixado"},"content":{"rendered":"<p style=\"text-align: justify;\">O programa para declara\u00e7\u00e3o do Imposto de Renda Pessoa F\u00edsica 2014 j\u00e1 est\u00e1 dispon\u00edvel no site\u00a0da Receita Federal. A entrega da declara\u00e7\u00e3o come\u00e7ar\u00e1 no dia 6 de mar\u00e7o, com o prazo\u00a0terminando no dia 30 de abril. Neste ano, o envio dos dados tamb\u00e9m poder\u00e1 ser feito por meio\u00a0de tablets e smartphones. A multa m\u00ednima para quem n\u00e3o entregar no prazo \u00e9 R$ 165. O\u00a0contribuinte que enviar no in\u00edcio do prazo dever\u00e1 receber a restitui\u00e7\u00f5es nos primeiros lotes,\u00a0assim como, os contribuintes com mais de 60 anos, e ainda os portadores de mol\u00e9stia grave e\u00a0deficientes f\u00edsicos ou mentais.<\/p>\n","protected":false},"excerpt":{"rendered":"<p>O programa para declara\u00e7\u00e3o do Imposto de Renda Pessoa F\u00edsica 2014 j\u00e1 est\u00e1 dispon\u00edvel no site\u00a0da Receita Federal. A entrega da declara\u00e7\u00e3o come\u00e7ar\u00e1 no dia 6 de mar\u00e7o, com o&#8230;<\/p>\n","protected":false},"author":4,"featured_media":0,"comment_status":"closed","ping_status":"closed","sticky":false,"template":"","format":"standard","meta":{"footnotes":""},"categories":[31],"tags":[],"class_list":["post-7771","post","type-post","status-publish","format-standard","hentry","category-noticias"],"_links":{"self":[{"href":"https:\/\/jusprev.org.br\/backup\/wp-json\/wp\/v2\/posts\/7771","targetHints":{"allow":["GET"]}}],"collection":[{"href":"https:\/\/jusprev.org.br\/backup\/wp-json\/wp\/v2\/posts"}],"about":[{"href":"https:\/\/jusprev.org.br\/backup\/wp-json\/wp\/v2\/types\/post"}],"author":[{"embeddable":true,"href":"https:\/\/jusprev.org.br\/backup\/wp-json\/wp\/v2\/users\/4"}],"replies":[{"embeddable":true,"href":"https:\/\/jusprev.org.br\/backup\/wp-json\/wp\/v2\/comments?post=7771"}],"version-history":[{"count":0,"href":"https:\/\/jusprev.org.br\/backup\/wp-json\/wp\/v2\/posts\/7771\/revisions"}],"wp:attachment":[{"href":"https:\/\/jusprev.org.br\/backup\/wp-json\/wp\/v2\/media?parent=7771"}],"wp:term":[{"taxonomy":"category","embeddable":true,"href":"https:\/\/jusprev.org.br\/backup\/wp-json\/wp\/v2\/categories?post=7771"},{"taxonomy":"post_tag","embeddable":true,"href":"https:\/\/jusprev.org.br\/backup\/wp-json\/wp\/v2\/tags?post=7771"}],"curies":[{"name":"wp","href":"https:\/\/api.w.org\/{rel}","templated":true}]}}